{"id":34413,"date":"2015-04-28T19:53:41","date_gmt":"2015-04-28T17:53:41","guid":{"rendered":"http:\/\/www.diabsite.de\/diabetes-weblog\/?p=34413"},"modified":"2015-04-29T22:17:50","modified_gmt":"2015-04-29T20:17:50","slug":"erste-diabetes-registerkonferenz-in-berlin","status":"publish","type":"post","link":"https:\/\/www.diabsite.de\/diabetes-weblog\/2015\/04\/28\/erste-diabetes-registerkonferenz-in-berlin\/","title":{"rendered":"Erste Diabetes-Registerkonferenz in Berlin"},"content":{"rendered":"<p><a href=\"https:\/\/www.diabsite.de\/aktuelles\/nachrichten\/2015\/150428.html\" target=\"_blank\" class=\"ds\" title=\"zur Nachricht (neues Fenster)\"><img loading=\"lazy\" decoding=\"async\" class=\"alignright\" src=\"https:\/\/www.diabsite.de\/diabetes-weblog\/wp-content\/images\/2015\/150428.jpg\" width=\"150\" height=\"97\" alt=\"Prof. Holl., Prof. Seufert, Prof. Danne und Dr. Klinkhammer-Schalke\" \/><\/a> Diabetes-Epidemiologen und -Experten treffen Vertreter von BMG und RKI: Mit dem Entwurf f\u00fcr ein Bundespr\u00e4ventionsgesetz und der Entschlie\u00dfung zur Umsetzung eines Nationalen Diabetesplans seitens des Bundesrates sind im Jahr&nbsp;2014 grundlegende politische Weichen gestellt und Signale gesetzt worden f\u00fcr die Optimierung von Pr\u00e4vention und Versorgung der &#8222;Volkskrankheit Diabetes mellitus Typ&nbsp;2&#8220;. F\u00fcr eine politisch noch zu konsentierende, nationale Diabetes-Strategie ist ein konzer\u00adtiertes Handeln der verschiedenen Sektoren, Ebenen und aller Beteiligten sowie die Koor\u00addinierung seitens des Bundesministeriums f\u00fcr Gesundheit&nbsp;(BMG) der entscheidende Erfolgsfaktor. Unabh\u00e4ngig davon r\u00e4umen Gesundheitsministerium und Robert-Koch-Institut&nbsp;(RKI) derzeit einer indikatorengest\u00fctzten Diabetes-Surveillance mit regelm\u00e4\u00dfiger Berichterstattung h\u00f6chste Priorit\u00e4t ein. Im Rahmen einer Diabetes-Registerkonferenz trafen sich erstmals Initiatoren von f\u00fcnfzehn regionalen und \u00fcberregionalen Diabetesregistern und Diabetes-Datenbanken mit Vertretern des BMG, des RKI und der Kostentr\u00e4ger, um auszuloten, wie eine intelligente Nutzung der vorhandenen Daten f\u00fcr eine Diabetes-Surveillance, sowie eine sinnvolle Datenzusammenf\u00fchrung realisiert werden k\u00f6nnte. <a href=\"https:\/\/www.diabsite.de\/aktuelles\/nachrichten\/2015\/150428.html\" target=\"_blank\" class=\"ds\" title=\"zur Nachricht (neues Fenster)\">Nachricht lesen<\/a><\/p>\n","protected":false},"excerpt":{"rendered":"<p>Diabetes-Epidemiologen und -Experten treffen Vertreter von BMG und RKI: Mit dem Entwurf f\u00fcr ein Bundespr\u00e4ventionsgesetz und der Entschlie\u00dfung zur Umsetzung eines Nationalen Diabetesplans seitens des Bundesrates sind im Jahr&nbsp;2014 grundlegende politische Weichen gestellt und Signale gesetzt worden f\u00fcr die Optimierung von Pr\u00e4vention und Versorgung der &#8222;Volkskrankheit Diabetes mellitus Typ&nbsp;2&#8220;. F\u00fcr eine politisch noch zu konsentierende, [&hellip;]<\/p>\n","protected":false},"author":4,"featured_media":0,"comment_status":"open","ping_status":"closed","sticky":false,"template":"","format":"standard","meta":{"footnotes":""},"categories":[2],"tags":[682,333,24,4830,108,4831,2115],"_links":{"self":[{"href":"https:\/\/www.diabsite.de\/diabetes-weblog\/wp-json\/wp\/v2\/posts\/34413"}],"collection":[{"href":"https:\/\/www.diabsite.de\/diabetes-weblog\/wp-json\/wp\/v2\/posts"}],"about":[{"href":"https:\/\/www.diabsite.de\/diabetes-weblog\/wp-json\/wp\/v2\/types\/post"}],"author":[{"embeddable":true,"href":"https:\/\/www.diabsite.de\/diabetes-weblog\/wp-json\/wp\/v2\/users\/4"}],"replies":[{"embeddable":true,"href":"https:\/\/www.diabsite.de\/diabetes-weblog\/wp-json\/wp\/v2\/comments?post=34413"}],"version-history":[{"count":4,"href":"https:\/\/www.diabsite.de\/diabetes-weblog\/wp-json\/wp\/v2\/posts\/34413\/revisions"}],"predecessor-version":[{"id":34417,"href":"https:\/\/www.diabsite.de\/diabetes-weblog\/wp-json\/wp\/v2\/posts\/34413\/revisions\/34417"}],"wp:attachment":[{"href":"https:\/\/www.diabsite.de\/diabetes-weblog\/wp-json\/wp\/v2\/media?parent=34413"}],"wp:term":[{"taxonomy":"category","embeddable":true,"href":"https:\/\/www.diabsite.de\/diabetes-weblog\/wp-json\/wp\/v2\/categories?post=34413"},{"taxonomy":"post_tag","embeddable":true,"href":"https:\/\/www.diabsite.de\/diabetes-weblog\/wp-json\/wp\/v2\/tags?post=34413"}],"curies":[{"name":"wp","href":"https:\/\/api.w.org\/{rel}","templated":true}]}}