{"id":34231,"date":"2015-04-15T19:07:49","date_gmt":"2015-04-15T17:07:49","guid":{"rendered":"http:\/\/www.diabsite.de\/diabetes-weblog\/?p=34231"},"modified":"2015-04-16T19:19:57","modified_gmt":"2015-04-16T17:19:57","slug":"studie-sieht-gestationsdiabetes-als-autismusrisiko","status":"publish","type":"post","link":"https:\/\/www.diabsite.de\/diabetes-weblog\/2015\/04\/15\/studie-sieht-gestationsdiabetes-als-autismusrisiko\/","title":{"rendered":"Studie sieht Gestationsdiabetes als Autismusrisiko"},"content":{"rendered":"<p>Wie das Deutsche \u00c4rzteblatt heute meldete, hat in den USA infolge der Adipositas-Welle die Zahl der Schwangeren mit Gestationsdiabetes zugenommen. Gleichzeitig werde bei jungen Kindern immer h\u00e4ufiger die Diagnose einer Autismus-Spektrum-St\u00f6rung gestellt. Die Auswertung der Daten eines gro\u00dfen Krankenversicherers im US-amerikanischen \u00c4rzteblatt (JAMA&nbsp;2015; 313: 1425-1434) deute darauf hin, dass es zwischen beiden Entwicklungen einen Zusammenhang g\u00e4be. Hier der Beitrag zum Weiterlesen auf <a href=\"http:\/\/www.aerzteblatt.de\/nachrichten\/62491\/Studie-sieht-Gestationsdiabetes-als-Autismusrisiko\" target=\"_blank\" class=\"extern\" title=\"zur Nachricht (neues Fenster)\">aerzteblatt.de<\/a><\/p>\n","protected":false},"excerpt":{"rendered":"<p>Wie das Deutsche \u00c4rzteblatt heute meldete, hat in den USA infolge der Adipositas-Welle die Zahl der Schwangeren mit Gestationsdiabetes zugenommen. Gleichzeitig werde bei jungen Kindern immer h\u00e4ufiger die Diagnose einer Autismus-Spektrum-St\u00f6rung gestellt. Die Auswertung der Daten eines gro\u00dfen Krankenversicherers im US-amerikanischen \u00c4rzteblatt (JAMA&nbsp;2015; 313: 1425-1434) deute darauf hin, dass es zwischen beiden Entwicklungen einen Zusammenhang [&hellip;]<\/p>\n","protected":false},"author":4,"featured_media":0,"comment_status":"open","ping_status":"closed","sticky":false,"template":"","format":"standard","meta":{"footnotes":""},"categories":[1],"tags":[4778,36,639,43],"_links":{"self":[{"href":"https:\/\/www.diabsite.de\/diabetes-weblog\/wp-json\/wp\/v2\/posts\/34231"}],"collection":[{"href":"https:\/\/www.diabsite.de\/diabetes-weblog\/wp-json\/wp\/v2\/posts"}],"about":[{"href":"https:\/\/www.diabsite.de\/diabetes-weblog\/wp-json\/wp\/v2\/types\/post"}],"author":[{"embeddable":true,"href":"https:\/\/www.diabsite.de\/diabetes-weblog\/wp-json\/wp\/v2\/users\/4"}],"replies":[{"embeddable":true,"href":"https:\/\/www.diabsite.de\/diabetes-weblog\/wp-json\/wp\/v2\/comments?post=34231"}],"version-history":[{"count":2,"href":"https:\/\/www.diabsite.de\/diabetes-weblog\/wp-json\/wp\/v2\/posts\/34231\/revisions"}],"predecessor-version":[{"id":34233,"href":"https:\/\/www.diabsite.de\/diabetes-weblog\/wp-json\/wp\/v2\/posts\/34231\/revisions\/34233"}],"wp:attachment":[{"href":"https:\/\/www.diabsite.de\/diabetes-weblog\/wp-json\/wp\/v2\/media?parent=34231"}],"wp:term":[{"taxonomy":"category","embeddable":true,"href":"https:\/\/www.diabsite.de\/diabetes-weblog\/wp-json\/wp\/v2\/categories?post=34231"},{"taxonomy":"post_tag","embeddable":true,"href":"https:\/\/www.diabsite.de\/diabetes-weblog\/wp-json\/wp\/v2\/tags?post=34231"}],"curies":[{"name":"wp","href":"https:\/\/api.w.org\/{rel}","templated":true}]}}