{"id":34169,"date":"2015-04-09T10:42:43","date_gmt":"2015-04-09T08:42:43","guid":{"rendered":"http:\/\/www.diabsite.de\/diabetes-weblog\/?p=34169"},"modified":"2015-04-09T21:56:13","modified_gmt":"2015-04-09T19:56:13","slug":"mit-dem-fahrrad-zum-fruehstueck","status":"publish","type":"post","link":"https:\/\/www.diabsite.de\/diabetes-weblog\/2015\/04\/09\/mit-dem-fahrrad-zum-fruehstueck\/","title":{"rendered":"Mit dem Fahrrad zum Fr\u00fchst\u00fcck"},"content":{"rendered":"<p><a href=\"https:\/\/www.diabsite.de\/aktuelles\/nachrichten\/2015\/150409.html\" target=\"_blank\" class=\"ds\" title=\"zur Nachricht (neues Fenster)\"><img loading=\"lazy\" decoding=\"async\" class=\"alignright\" src=\"https:\/\/www.diabsite.de\/diabetes-weblog\/wp-content\/images\/2015\/150409.jpg\" width=\"150\" height=\"226\" alt=\"B\u00fcrgermeister Martin Seidel auf dem M\u00fcslifahrrad\" \/><\/a> Anl\u00e4sslich des zehnj\u00e4hrigen Geburtstages der von Sanofi im Jahr&nbsp;2005 initiierten Diabetesaktion &#8222;Wissen was bei Diabetes z\u00e4hlt: Ges\u00fcnder unter&nbsp;7&#8220;, radelten die Besucher in Dresden, wie auch deren B\u00fcrgermeister Martin Seidel, weit \u00fcber 100&nbsp;km auf dem M\u00fcslifahrrad. Damit wurde die Messlatte f\u00fcr die n\u00e4chste Station der Diabetesaktion am 23. und 24.&nbsp;Juli&nbsp;2015 in Sulzbach\/Main-Taunus-Kreis hoch angesetzt. Mehr als 800&nbsp;Besucher nahmen in Dresden am Diabetes-Risikocheck teil. <a href=\"https:\/\/www.diabsite.de\/aktuelles\/nachrichten\/2015\/150409.html\" target=\"_blank\" class=\"ds\" title=\"zur Nachricht (neues Fenster)\">Nachricht lesen<\/a><\/p>\n","protected":false},"excerpt":{"rendered":"<p>Anl\u00e4sslich des zehnj\u00e4hrigen Geburtstages der von Sanofi im Jahr&nbsp;2005 initiierten Diabetesaktion &#8222;Wissen was bei Diabetes z\u00e4hlt: Ges\u00fcnder unter&nbsp;7&#8220;, radelten die Besucher in Dresden, wie auch deren B\u00fcrgermeister Martin Seidel, weit \u00fcber 100&nbsp;km auf dem M\u00fcslifahrrad. Damit wurde die Messlatte f\u00fcr die n\u00e4chste Station der Diabetesaktion am 23. und 24.&nbsp;Juli&nbsp;2015 in Sulzbach\/Main-Taunus-Kreis hoch angesetzt. Mehr als [&hellip;]<\/p>\n","protected":false},"author":4,"featured_media":0,"comment_status":"open","ping_status":"closed","sticky":false,"template":"","format":"standard","meta":{"footnotes":""},"categories":[2],"tags":[4756,24,19,1971,10422,97,271],"_links":{"self":[{"href":"https:\/\/www.diabsite.de\/diabetes-weblog\/wp-json\/wp\/v2\/posts\/34169"}],"collection":[{"href":"https:\/\/www.diabsite.de\/diabetes-weblog\/wp-json\/wp\/v2\/posts"}],"about":[{"href":"https:\/\/www.diabsite.de\/diabetes-weblog\/wp-json\/wp\/v2\/types\/post"}],"author":[{"embeddable":true,"href":"https:\/\/www.diabsite.de\/diabetes-weblog\/wp-json\/wp\/v2\/users\/4"}],"replies":[{"embeddable":true,"href":"https:\/\/www.diabsite.de\/diabetes-weblog\/wp-json\/wp\/v2\/comments?post=34169"}],"version-history":[{"count":4,"href":"https:\/\/www.diabsite.de\/diabetes-weblog\/wp-json\/wp\/v2\/posts\/34169\/revisions"}],"predecessor-version":[{"id":34173,"href":"https:\/\/www.diabsite.de\/diabetes-weblog\/wp-json\/wp\/v2\/posts\/34169\/revisions\/34173"}],"wp:attachment":[{"href":"https:\/\/www.diabsite.de\/diabetes-weblog\/wp-json\/wp\/v2\/media?parent=34169"}],"wp:term":[{"taxonomy":"category","embeddable":true,"href":"https:\/\/www.diabsite.de\/diabetes-weblog\/wp-json\/wp\/v2\/categories?post=34169"},{"taxonomy":"post_tag","embeddable":true,"href":"https:\/\/www.diabsite.de\/diabetes-weblog\/wp-json\/wp\/v2\/tags?post=34169"}],"curies":[{"name":"wp","href":"https:\/\/api.w.org\/{rel}","templated":true}]}}