{"id":33725,"date":"2015-02-20T19:35:33","date_gmt":"2015-02-20T18:35:33","guid":{"rendered":"http:\/\/www.diabsite.de\/diabetes-weblog\/?p=33725"},"modified":"2015-02-20T21:01:39","modified_gmt":"2015-02-20T20:01:39","slug":"kreativwettbewerb-fur-diabetes-kinder","status":"publish","type":"post","link":"https:\/\/www.diabsite.de\/diabetes-weblog\/2015\/02\/20\/kreativwettbewerb-fur-diabetes-kinder\/","title":{"rendered":"Kreativwettbewerb f\u00fcr Diabetes-Kinder"},"content":{"rendered":"<p><a href=\"https:\/\/www.diabsite.de\/aktuelles\/nachrichten\/2015\/150220b.html\" target=\"_blank\" class=\"ds\" title=\"zur Nachricht (neues Fenster)\"><img loading=\"lazy\" decoding=\"async\" class=\"alignright\" src=\"https:\/\/www.diabsite.de\/diabetes-weblog\/wp-content\/images\/2015\/150220b.jpg\" width=\"150\" height=\"206\" alt=\"Bilder erz\u00e4hlen meine Krankheit\" \/><\/a> Bilder erz\u00e4hlen meine Krankheit: Unter der Schirmherrschaft der bayerischen Landtagspr\u00e4sidentin Barbara Stamm l\u00e4dt ein Bilderwettbewerb jugendliche Diabetiker ein, sich kreativ mit ihrer Krankheit auseinanderzusetzen. Die besten Werke werden pr\u00e4miert und ausgestellt. Zu dieser Aktion rufen der CJD&nbsp;Berchtesgarden und der Diabetikerbund Bayern gemeinsam auf. Die besten Einsendungen werden mit tollen Preisen pr\u00e4miert. <a href=\"https:\/\/www.diabsite.de\/aktuelles\/nachrichten\/2015\/150220b.html\" target=\"_blank\" class=\"ds\" title=\"zur Nachricht (neues Fenster)\">Nachricht lesen<\/a><\/p>\n","protected":false},"excerpt":{"rendered":"<p>Bilder erz\u00e4hlen meine Krankheit: Unter der Schirmherrschaft der bayerischen Landtagspr\u00e4sidentin Barbara Stamm l\u00e4dt ein Bilderwettbewerb jugendliche Diabetiker ein, sich kreativ mit ihrer Krankheit auseinanderzusetzen. Die besten Werke werden pr\u00e4miert und ausgestellt. Zu dieser Aktion rufen der CJD&nbsp;Berchtesgarden und der Diabetikerbund Bayern gemeinsam auf. Die besten Einsendungen werden mit tollen Preisen pr\u00e4miert. Nachricht lesen<\/p>\n","protected":false},"author":4,"featured_media":0,"comment_status":"open","ping_status":"closed","sticky":false,"template":"","format":"standard","meta":{"footnotes":""},"categories":[2],"tags":[4647,4644,4645,4648,4646],"_links":{"self":[{"href":"https:\/\/www.diabsite.de\/diabetes-weblog\/wp-json\/wp\/v2\/posts\/33725"}],"collection":[{"href":"https:\/\/www.diabsite.de\/diabetes-weblog\/wp-json\/wp\/v2\/posts"}],"about":[{"href":"https:\/\/www.diabsite.de\/diabetes-weblog\/wp-json\/wp\/v2\/types\/post"}],"author":[{"embeddable":true,"href":"https:\/\/www.diabsite.de\/diabetes-weblog\/wp-json\/wp\/v2\/users\/4"}],"replies":[{"embeddable":true,"href":"https:\/\/www.diabsite.de\/diabetes-weblog\/wp-json\/wp\/v2\/comments?post=33725"}],"version-history":[{"count":5,"href":"https:\/\/www.diabsite.de\/diabetes-weblog\/wp-json\/wp\/v2\/posts\/33725\/revisions"}],"predecessor-version":[{"id":33732,"href":"https:\/\/www.diabsite.de\/diabetes-weblog\/wp-json\/wp\/v2\/posts\/33725\/revisions\/33732"}],"wp:attachment":[{"href":"https:\/\/www.diabsite.de\/diabetes-weblog\/wp-json\/wp\/v2\/media?parent=33725"}],"wp:term":[{"taxonomy":"category","embeddable":true,"href":"https:\/\/www.diabsite.de\/diabetes-weblog\/wp-json\/wp\/v2\/categories?post=33725"},{"taxonomy":"post_tag","embeddable":true,"href":"https:\/\/www.diabsite.de\/diabetes-weblog\/wp-json\/wp\/v2\/tags?post=33725"}],"curies":[{"name":"wp","href":"https:\/\/api.w.org\/{rel}","templated":true}]}}