{"id":33625,"date":"2015-02-09T17:16:59","date_gmt":"2015-02-09T16:16:59","guid":{"rendered":"http:\/\/www.diabsite.de\/diabetes-weblog\/?p=33625"},"modified":"2015-02-10T19:37:49","modified_gmt":"2015-02-10T18:37:49","slug":"richtfest-fur-das-diabetes-innovationszentrum","status":"publish","type":"post","link":"https:\/\/www.diabsite.de\/diabetes-weblog\/2015\/02\/09\/richtfest-fur-das-diabetes-innovationszentrum\/","title":{"rendered":"Richtfest f\u00fcr das Diabetes-Innovationszentrum"},"content":{"rendered":"<p><a href=\"https:\/\/www.diabsite.de\/aktuelles\/nachrichten\/2015\/150209b.html\" target=\"_blank\" class=\"ds\" title=\"zur Nachricht (neues Fenster)\"><img loading=\"lazy\" decoding=\"async\" class=\"alignright\" src=\"https:\/\/www.diabsite.de\/diabetes-weblog\/wp-content\/images\/2015\/150209b.jpg\" width=\"150\" height=\"100\" alt=\"Karlsburger Klinikleitung mit Landes-Wirtschaftsminister Harry Glawe (2.v.r.) und weiteren Politikern aus Mecklenburg-Vorpommern\" \/><\/a> Am 19. Januar&nbsp;2015 wurde auf dem Klinikcampus Karlsburg in Anwesenheit von Harry Glawe&nbsp;(CDU), Minister f\u00fcr Wirtschaft, Bau und Tourismus in Mecklenburg-Vorpommern, und vielen weiteren Ehreng\u00e4sten aus der Region, das Richtfest f\u00fcr das entstehende Diabetes-Innovationszentrum gefeiert. <a href=\"https:\/\/www.diabsite.de\/aktuelles\/nachrichten\/2015\/150209b.html\" target=\"_blank\" class=\"ds\" title=\"zur Nachricht (neues Fenster)\">Nachricht lesen<\/a><\/p>\n","protected":false},"excerpt":{"rendered":"<p>Am 19. Januar&nbsp;2015 wurde auf dem Klinikcampus Karlsburg in Anwesenheit von Harry Glawe&nbsp;(CDU), Minister f\u00fcr Wirtschaft, Bau und Tourismus in Mecklenburg-Vorpommern, und vielen weiteren Ehreng\u00e4sten aus der Region, das Richtfest f\u00fcr das entstehende Diabetes-Innovationszentrum gefeiert. Nachricht lesen<\/p>\n","protected":false},"author":4,"featured_media":0,"comment_status":"open","ping_status":"closed","sticky":false,"template":"","format":"standard","meta":{"footnotes":""},"categories":[2],"tags":[4607,1232,308,3168,4606],"_links":{"self":[{"href":"https:\/\/www.diabsite.de\/diabetes-weblog\/wp-json\/wp\/v2\/posts\/33625"}],"collection":[{"href":"https:\/\/www.diabsite.de\/diabetes-weblog\/wp-json\/wp\/v2\/posts"}],"about":[{"href":"https:\/\/www.diabsite.de\/diabetes-weblog\/wp-json\/wp\/v2\/types\/post"}],"author":[{"embeddable":true,"href":"https:\/\/www.diabsite.de\/diabetes-weblog\/wp-json\/wp\/v2\/users\/4"}],"replies":[{"embeddable":true,"href":"https:\/\/www.diabsite.de\/diabetes-weblog\/wp-json\/wp\/v2\/comments?post=33625"}],"version-history":[{"count":3,"href":"https:\/\/www.diabsite.de\/diabetes-weblog\/wp-json\/wp\/v2\/posts\/33625\/revisions"}],"predecessor-version":[{"id":33632,"href":"https:\/\/www.diabsite.de\/diabetes-weblog\/wp-json\/wp\/v2\/posts\/33625\/revisions\/33632"}],"wp:attachment":[{"href":"https:\/\/www.diabsite.de\/diabetes-weblog\/wp-json\/wp\/v2\/media?parent=33625"}],"wp:term":[{"taxonomy":"category","embeddable":true,"href":"https:\/\/www.diabsite.de\/diabetes-weblog\/wp-json\/wp\/v2\/categories?post=33625"},{"taxonomy":"post_tag","embeddable":true,"href":"https:\/\/www.diabsite.de\/diabetes-weblog\/wp-json\/wp\/v2\/tags?post=33625"}],"curies":[{"name":"wp","href":"https:\/\/api.w.org\/{rel}","templated":true}]}}