{"id":33597,"date":"2015-02-05T11:50:35","date_gmt":"2015-02-05T10:50:35","guid":{"rendered":"http:\/\/www.diabsite.de\/diabetes-weblog\/?p=33597"},"modified":"2015-02-07T22:18:38","modified_gmt":"2015-02-07T21:18:38","slug":"partyrezepte-fuer-die-karnevals-und-faschingszeit","status":"publish","type":"post","link":"https:\/\/www.diabsite.de\/diabetes-weblog\/2015\/02\/05\/partyrezepte-fuer-die-karnevals-und-faschingszeit\/","title":{"rendered":"Partyrezepte f\u00fcr die Karnevals- und Faschingszeit"},"content":{"rendered":"<p>Heute in einer Woche ist es soweit &#8211; Narren und Jecken \u00fcbernehmen wieder die Macht! Mit der Weiberfastnacht wird allj\u00e4hrlich die hei\u00dfe Phase der &#8222;f\u00fcnften Jahreszeit&#8220; eingel\u00e4utet. In den Karnevalshochburgen \u00fcbernehmen am kommenden Donnerstag Narren und Jecken, Karnevals-Prinzen und -Prinzessinnen oder Funkenmariechen das Zepter. In K\u00f6ln, D\u00fcsseldorf und Mainz, ja sogar in M\u00fcnchen und Berlin, werden B\u00fcttenreden geschwungen und Kamelle geworfen, allerorts wird gesungen, geschunkelt, getanzt und gelacht werden. Auch f\u00fcr Diabetiker jagt in den tollen Tagen, und zum Teil schon jetzt, eine Party die n\u00e4chste. Den H\u00f6hepunkt der n\u00e4rrischen Zeit bilden der Rosenmontag und der Faschingsdienstag &#8211; bevor am Aschermittwoch wieder alles vorbei ist und die 40-t\u00e4gige Fastenzeit vor Ostern beginnt. Damit Sie f\u00fcr die n\u00e4rrischen Tage auch kulinarisch ger\u00fcstet sind, bietet das Diabetes-Portal DiabSite <a href=\"https:\/\/www.diabsite.de\/ernaehrung\/rezepte\/index.html\" target=\"_blank\" class=\"ds\" title=\"neues Fenster\">Rezepte<\/a>, die von der guten Grundlage f\u00fcr alkoholische Getr\u00e4nke \u00fcber <a href=\"https:\/\/www.diabsite.de\/ernaehrung\/rezepte\/_partyrezepte-fondues.html\" target=\"_blank\" class=\"ds\" title=\"neues Fenster\">Partysnacks<\/a> und Anti-Kater-Drinks bis hin zu traditionellen Aschermittwochsessen reichen.  Herzlich laden wir Fastnachter, Karnevalisten und Jecken deshalb schon heute zum Besuch der DiabSite-Rezeptdatenbank ein.<\/p>\n","protected":false},"excerpt":{"rendered":"<p>Heute in einer Woche ist es soweit &#8211; Narren und Jecken \u00fcbernehmen wieder die Macht! Mit der Weiberfastnacht wird allj\u00e4hrlich die hei\u00dfe Phase der &#8222;f\u00fcnften Jahreszeit&#8220; eingel\u00e4utet. In den Karnevalshochburgen \u00fcbernehmen am kommenden Donnerstag Narren und Jecken, Karnevals-Prinzen und -Prinzessinnen oder Funkenmariechen das Zepter. In K\u00f6ln, D\u00fcsseldorf und Mainz, ja sogar in M\u00fcnchen und Berlin, [&hellip;]<\/p>\n","protected":false},"author":4,"featured_media":0,"comment_status":"open","ping_status":"closed","sticky":false,"template":"","format":"standard","meta":{"footnotes":""},"categories":[1],"tags":[24,1212,1567,1210,3306,4602,10423,3329],"_links":{"self":[{"href":"https:\/\/www.diabsite.de\/diabetes-weblog\/wp-json\/wp\/v2\/posts\/33597"}],"collection":[{"href":"https:\/\/www.diabsite.de\/diabetes-weblog\/wp-json\/wp\/v2\/posts"}],"about":[{"href":"https:\/\/www.diabsite.de\/diabetes-weblog\/wp-json\/wp\/v2\/types\/post"}],"author":[{"embeddable":true,"href":"https:\/\/www.diabsite.de\/diabetes-weblog\/wp-json\/wp\/v2\/users\/4"}],"replies":[{"embeddable":true,"href":"https:\/\/www.diabsite.de\/diabetes-weblog\/wp-json\/wp\/v2\/comments?post=33597"}],"version-history":[{"count":5,"href":"https:\/\/www.diabsite.de\/diabetes-weblog\/wp-json\/wp\/v2\/posts\/33597\/revisions"}],"predecessor-version":[{"id":33607,"href":"https:\/\/www.diabsite.de\/diabetes-weblog\/wp-json\/wp\/v2\/posts\/33597\/revisions\/33607"}],"wp:attachment":[{"href":"https:\/\/www.diabsite.de\/diabetes-weblog\/wp-json\/wp\/v2\/media?parent=33597"}],"wp:term":[{"taxonomy":"category","embeddable":true,"href":"https:\/\/www.diabsite.de\/diabetes-weblog\/wp-json\/wp\/v2\/categories?post=33597"},{"taxonomy":"post_tag","embeddable":true,"href":"https:\/\/www.diabsite.de\/diabetes-weblog\/wp-json\/wp\/v2\/tags?post=33597"}],"curies":[{"name":"wp","href":"https:\/\/api.w.org\/{rel}","templated":true}]}}