{"id":33308,"date":"2014-11-30T16:46:50","date_gmt":"2014-11-30T15:46:50","guid":{"rendered":"http:\/\/www.diabsite.de\/diabetes-weblog\/?p=33308"},"modified":"2015-01-08T20:13:10","modified_gmt":"2015-01-08T19:13:10","slug":"25-jahre-nach-dem-mauerfall","status":"publish","type":"post","link":"https:\/\/www.diabsite.de\/diabetes-weblog\/2014\/11\/30\/25-jahre-nach-dem-mauerfall\/","title":{"rendered":"25 Jahre nach dem Mauerfall"},"content":{"rendered":"<p>Im Osten erkranken mehr Menschen an Diabetes Typ&nbsp;2: Auch 25 Jahre nach dem Mauerfall existieren Gesundheitsunterschiede zwischen alten und neuen Bundesl\u00e4ndern. Dazu geh\u00f6rt einer aktuellen Studie aus dem BMBF-Kompetenznetz Diabetes mellitus zufolge eine h\u00f6here Zahl von Neuerkrankungen an Typ-2-Diabetes im Nordosten der Republik. Die Ursachen k\u00f6nnen nur teilweise \u00fcber individuelle Faktoren wie \u00dcbergewicht erkl\u00e4rt werden, ob strukturelle sozio\u00f6komische Faktoren (z.&nbsp;B. Arbeitslosigkeit) eine Rolle spielen, ist bislang noch unklar. <a href=\"https:\/\/www.diabsite.de\/aktuelles\/nachrichten\/2014\/141130.html\" target=\"_blank\" class=\"ds\" title=\"zur Nachricht (neues Fenster)\">Nachricht lesen<\/a><\/p>\n","protected":false},"excerpt":{"rendered":"<p>Im Osten erkranken mehr Menschen an Diabetes Typ&nbsp;2: Auch 25 Jahre nach dem Mauerfall existieren Gesundheitsunterschiede zwischen alten und neuen Bundesl\u00e4ndern. Dazu geh\u00f6rt einer aktuellen Studie aus dem BMBF-Kompetenznetz Diabetes mellitus zufolge eine h\u00f6here Zahl von Neuerkrankungen an Typ-2-Diabetes im Nordosten der Republik. Die Ursachen k\u00f6nnen nur teilweise \u00fcber individuelle Faktoren wie \u00dcbergewicht erkl\u00e4rt werden, [&hellip;]<\/p>\n","protected":false},"author":4,"featured_media":0,"comment_status":"open","ping_status":"closed","sticky":false,"template":"","format":"standard","meta":{"footnotes":""},"categories":[2],"tags":[3942,4530,4529,92],"_links":{"self":[{"href":"https:\/\/www.diabsite.de\/diabetes-weblog\/wp-json\/wp\/v2\/posts\/33308"}],"collection":[{"href":"https:\/\/www.diabsite.de\/diabetes-weblog\/wp-json\/wp\/v2\/posts"}],"about":[{"href":"https:\/\/www.diabsite.de\/diabetes-weblog\/wp-json\/wp\/v2\/types\/post"}],"author":[{"embeddable":true,"href":"https:\/\/www.diabsite.de\/diabetes-weblog\/wp-json\/wp\/v2\/users\/4"}],"replies":[{"embeddable":true,"href":"https:\/\/www.diabsite.de\/diabetes-weblog\/wp-json\/wp\/v2\/comments?post=33308"}],"version-history":[{"count":2,"href":"https:\/\/www.diabsite.de\/diabetes-weblog\/wp-json\/wp\/v2\/posts\/33308\/revisions"}],"predecessor-version":[{"id":33310,"href":"https:\/\/www.diabsite.de\/diabetes-weblog\/wp-json\/wp\/v2\/posts\/33308\/revisions\/33310"}],"wp:attachment":[{"href":"https:\/\/www.diabsite.de\/diabetes-weblog\/wp-json\/wp\/v2\/media?parent=33308"}],"wp:term":[{"taxonomy":"category","embeddable":true,"href":"https:\/\/www.diabsite.de\/diabetes-weblog\/wp-json\/wp\/v2\/categories?post=33308"},{"taxonomy":"post_tag","embeddable":true,"href":"https:\/\/www.diabsite.de\/diabetes-weblog\/wp-json\/wp\/v2\/tags?post=33308"}],"curies":[{"name":"wp","href":"https:\/\/api.w.org\/{rel}","templated":true}]}}