{"id":32956,"date":"2014-11-29T17:36:05","date_gmt":"2014-11-29T16:36:05","guid":{"rendered":"http:\/\/www.diabsite.de\/diabetes-weblog\/?p=32956"},"modified":"2014-11-29T20:43:48","modified_gmt":"2014-11-29T19:43:48","slug":"medienpreise-der-deutschen-diabetes-gesellschaft-verliehen","status":"publish","type":"post","link":"https:\/\/www.diabsite.de\/diabetes-weblog\/2014\/11\/29\/medienpreise-der-deutschen-diabetes-gesellschaft-verliehen\/","title":{"rendered":"Medienpreise der Deutschen Diabetes Gesellschaft verliehen"},"content":{"rendered":"<p>Drei herausragende Beitr\u00e4ge zum Diabetes mellitus pr\u00e4miert: Preistr\u00e4gerinnen und Preistr\u00e4ger aus: Johannes von Creytz beleuchtet in seinem BR-H\u00f6rfunkbeitrag die Krankheit Diabetes als &#8222;untersch\u00e4tzte Volkskrankheit&#8220;. Ulrich Kraft hat in seinem Artikel f\u00fcr die Zeitschrift FOCUS-DIABETES das Thema &#8222;kontinuierliche Blutzuckermessung&#8220; behandelt und Christine Voges und Tamar Baumgarten haben als Autorinnen-Duo f\u00fcr ZDF\/ARTE den Alltag und seine Herausforderungen von Kindern und Jugendlichen mit Typ-1-Diabetes unter die Lupe genommen. <a href=\"https:\/\/www.diabsite.de\/aktuelles\/nachrichten\/2014\/141129.html\" target=\"_blank\" class=\"ds\" title=\"zur Nachricht (neues Fenster)\">Nachricht lesen<\/a><\/p>\n","protected":false},"excerpt":{"rendered":"<p>Drei herausragende Beitr\u00e4ge zum Diabetes mellitus pr\u00e4miert: Preistr\u00e4gerinnen und Preistr\u00e4ger aus: Johannes von Creytz beleuchtet in seinem BR-H\u00f6rfunkbeitrag die Krankheit Diabetes als &#8222;untersch\u00e4tzte Volkskrankheit&#8220;. Ulrich Kraft hat in seinem Artikel f\u00fcr die Zeitschrift FOCUS-DIABETES das Thema &#8222;kontinuierliche Blutzuckermessung&#8220; behandelt und Christine Voges und Tamar Baumgarten haben als Autorinnen-Duo f\u00fcr ZDF\/ARTE den Alltag und seine Herausforderungen [&hellip;]<\/p>\n","protected":false},"author":4,"featured_media":0,"comment_status":"open","ping_status":"closed","sticky":false,"template":"","format":"standard","meta":{"footnotes":""},"categories":[2],"tags":[4440,1308,2983,394],"_links":{"self":[{"href":"https:\/\/www.diabsite.de\/diabetes-weblog\/wp-json\/wp\/v2\/posts\/32956"}],"collection":[{"href":"https:\/\/www.diabsite.de\/diabetes-weblog\/wp-json\/wp\/v2\/posts"}],"about":[{"href":"https:\/\/www.diabsite.de\/diabetes-weblog\/wp-json\/wp\/v2\/types\/post"}],"author":[{"embeddable":true,"href":"https:\/\/www.diabsite.de\/diabetes-weblog\/wp-json\/wp\/v2\/users\/4"}],"replies":[{"embeddable":true,"href":"https:\/\/www.diabsite.de\/diabetes-weblog\/wp-json\/wp\/v2\/comments?post=32956"}],"version-history":[{"count":3,"href":"https:\/\/www.diabsite.de\/diabetes-weblog\/wp-json\/wp\/v2\/posts\/32956\/revisions"}],"predecessor-version":[{"id":32959,"href":"https:\/\/www.diabsite.de\/diabetes-weblog\/wp-json\/wp\/v2\/posts\/32956\/revisions\/32959"}],"wp:attachment":[{"href":"https:\/\/www.diabsite.de\/diabetes-weblog\/wp-json\/wp\/v2\/media?parent=32956"}],"wp:term":[{"taxonomy":"category","embeddable":true,"href":"https:\/\/www.diabsite.de\/diabetes-weblog\/wp-json\/wp\/v2\/categories?post=32956"},{"taxonomy":"post_tag","embeddable":true,"href":"https:\/\/www.diabsite.de\/diabetes-weblog\/wp-json\/wp\/v2\/tags?post=32956"}],"curies":[{"name":"wp","href":"https:\/\/api.w.org\/{rel}","templated":true}]}}