{"id":32948,"date":"2014-09-22T19:57:59","date_gmt":"2014-09-22T18:57:59","guid":{"rendered":"http:\/\/www.diabsite.de\/diabetes-weblog\/?p=32948"},"modified":"2014-11-29T20:24:08","modified_gmt":"2014-11-29T19:24:08","slug":"diabetesatwork-startet-mit-auftaktveranstaltung","status":"publish","type":"post","link":"https:\/\/www.diabsite.de\/diabetes-weblog\/2014\/09\/22\/diabetesatwork-startet-mit-auftaktveranstaltung\/","title":{"rendered":"&#8222;Diabetes@Work&#8220; startet mit Auftaktveranstaltung"},"content":{"rendered":"<p>Initiative zeigen f\u00fcr eine gesunde Arbeitswelt: Schon heute leben in Deutschland rund 7,5&nbsp;Millionen Menschen mit Diabetes, darunter mehr als 2&nbsp;Millionen im berufsf\u00e4higen Alter. Die gesch\u00e4tzte Dunkelziffer liegt noch deutlich h\u00f6her. Fachkr\u00e4ftemangel, demografischer Wandel sowie steigende Zahlen chronisch kranker Besch\u00e4ftigter&nbsp;&#8211; wenn es um die Sicherung von Arbeitspl\u00e4tzen geht, stehen Unternehmen vor gro\u00dfen Herausforderungen. <a href=\"https:\/\/www.diabsite.de\/aktuelles\/nachrichten\/2014\/140922b.html\" target=\"_blank\" class=\"ds\" title=\"zur Nachricht (neues Fenster)\">Nachricht lesen<\/a><\/p>\n","protected":false},"excerpt":{"rendered":"<p>Initiative zeigen f\u00fcr eine gesunde Arbeitswelt: Schon heute leben in Deutschland rund 7,5&nbsp;Millionen Menschen mit Diabetes, darunter mehr als 2&nbsp;Millionen im berufsf\u00e4higen Alter. Die gesch\u00e4tzte Dunkelziffer liegt noch deutlich h\u00f6her. Fachkr\u00e4ftemangel, demografischer Wandel sowie steigende Zahlen chronisch kranker Besch\u00e4ftigter&nbsp;&#8211; wenn es um die Sicherung von Arbeitspl\u00e4tzen geht, stehen Unternehmen vor gro\u00dfen Herausforderungen. Nachricht lesen<\/p>\n","protected":false},"author":4,"featured_media":0,"comment_status":"open","ping_status":"closed","sticky":false,"template":"","format":"standard","meta":{"footnotes":""},"categories":[2],"tags":[4438,24,4436,4437],"_links":{"self":[{"href":"https:\/\/www.diabsite.de\/diabetes-weblog\/wp-json\/wp\/v2\/posts\/32948"}],"collection":[{"href":"https:\/\/www.diabsite.de\/diabetes-weblog\/wp-json\/wp\/v2\/posts"}],"about":[{"href":"https:\/\/www.diabsite.de\/diabetes-weblog\/wp-json\/wp\/v2\/types\/post"}],"author":[{"embeddable":true,"href":"https:\/\/www.diabsite.de\/diabetes-weblog\/wp-json\/wp\/v2\/users\/4"}],"replies":[{"embeddable":true,"href":"https:\/\/www.diabsite.de\/diabetes-weblog\/wp-json\/wp\/v2\/comments?post=32948"}],"version-history":[{"count":3,"href":"https:\/\/www.diabsite.de\/diabetes-weblog\/wp-json\/wp\/v2\/posts\/32948\/revisions"}],"predecessor-version":[{"id":32954,"href":"https:\/\/www.diabsite.de\/diabetes-weblog\/wp-json\/wp\/v2\/posts\/32948\/revisions\/32954"}],"wp:attachment":[{"href":"https:\/\/www.diabsite.de\/diabetes-weblog\/wp-json\/wp\/v2\/media?parent=32948"}],"wp:term":[{"taxonomy":"category","embeddable":true,"href":"https:\/\/www.diabsite.de\/diabetes-weblog\/wp-json\/wp\/v2\/categories?post=32948"},{"taxonomy":"post_tag","embeddable":true,"href":"https:\/\/www.diabsite.de\/diabetes-weblog\/wp-json\/wp\/v2\/tags?post=32948"}],"curies":[{"name":"wp","href":"https:\/\/api.w.org\/{rel}","templated":true}]}}