{"id":32945,"date":"2014-11-28T11:17:03","date_gmt":"2014-11-28T10:17:03","guid":{"rendered":"http:\/\/www.diabsite.de\/diabetes-weblog\/?p=32945"},"modified":"2014-11-28T22:25:27","modified_gmt":"2014-11-28T21:25:27","slug":"diabetes-mellitus-und-der-4-blue-friday-2014","status":"publish","type":"post","link":"https:\/\/www.diabsite.de\/diabetes-weblog\/2014\/11\/28\/diabetes-mellitus-und-der-4-blue-friday-2014\/","title":{"rendered":"Diabetes mellitus und der 4. Blue Friday 2014"},"content":{"rendered":"<p><a href=\"https:\/\/www.diabsite.de\/diabetes-weblog\/wp-content\/images\/diabetes\/blaue-freitage-gr.jpg\"><img loading=\"lazy\" decoding=\"async\" class=\"alignright\" src=\"https:\/\/www.diabsite.de\/diabetes-weblog\/wp-content\/images\/diabetes\/_blaue-freitage-gr.jpg\" width=\"150\" height=\"70\" alt=\"Blaue Freitage\" \/><\/a> &#8222;Denke blau. Trage blau. Jeden Freitag im November.&#8220;: Dieses Motto vereint Diabetiker auf der ganzen Welt zumindest an den blauen Freitagen im November. Sie wollen das Thema &#8222;Diabetes&#8220; ins Bewusstsein der \u00d6ffentlichkeit bringen. Heute geschieht dies zum vierten und letzten Mal in diesem Monat. Besonders engagierten Diabetikern reicht das allerdings nicht. L\u00e4ngst haben sie jeden Freitag zum Aktionstag erkl\u00e4rt und weisen w\u00f6chentlich auf die Volkskrankheit Diabetes hin. Am 14.&nbsp;November, dem Weltdiabetestag, haben viele Medien \u00fcber Diabetes berichtet. Ansonsten sind Diabetes-Pr\u00e4vention und Diabetes-Pandemie kaum ein Thema in der \u00d6ffentlichkeit. Nahezu t\u00e4glich informiert das unabh\u00e4ngige Diabetes-Portal DiabSite \u00fcber die Stoffwechselkrankheit Diabetes. Und auch Sie k\u00f6nnen jeden Freitag dazu nutzen, Menschen \u00fcber den Diabetes mellitus zu informieren. Infos zum <a href=\"https:\/\/www.diabsite.de\/aktionen\/weltdiabetestag\/weltdiabetestag.html\" target=\"_blank\" class=\"ds\" title=\"neues Fenster\">Weltdiabetestag<\/a> stellen wir f\u00fcr Sie bereit. Was es mit den &#8222;Blauen Freitagen&#8220; auf sich hat, erfahren Sie in diesem <a href=\"https:\/\/www.diabsite.de\/diabetes-weblog\/2011\/10\/28\/weltdiabetestag-und-blue-fridays\/\" class=\"blog\">Diabetes-Weblog<\/a>. Wir w\u00fcnschen Ihnen einen sch\u00f6nen Blue Friday!<\/p>\n","protected":false},"excerpt":{"rendered":"<p>&#8222;Denke blau. Trage blau. Jeden Freitag im November.&#8220;: Dieses Motto vereint Diabetiker auf der ganzen Welt zumindest an den blauen Freitagen im November. Sie wollen das Thema &#8222;Diabetes&#8220; ins Bewusstsein der \u00d6ffentlichkeit bringen. Heute geschieht dies zum vierten und letzten Mal in diesem Monat. Besonders engagierten Diabetikern reicht das allerdings nicht. L\u00e4ngst haben sie jeden [&hellip;]<\/p>\n","protected":false},"author":4,"featured_media":0,"comment_status":"open","ping_status":"closed","sticky":false,"template":"","format":"standard","meta":{"footnotes":""},"categories":[1],"tags":[2962,806,97,588],"_links":{"self":[{"href":"https:\/\/www.diabsite.de\/diabetes-weblog\/wp-json\/wp\/v2\/posts\/32945"}],"collection":[{"href":"https:\/\/www.diabsite.de\/diabetes-weblog\/wp-json\/wp\/v2\/posts"}],"about":[{"href":"https:\/\/www.diabsite.de\/diabetes-weblog\/wp-json\/wp\/v2\/types\/post"}],"author":[{"embeddable":true,"href":"https:\/\/www.diabsite.de\/diabetes-weblog\/wp-json\/wp\/v2\/users\/4"}],"replies":[{"embeddable":true,"href":"https:\/\/www.diabsite.de\/diabetes-weblog\/wp-json\/wp\/v2\/comments?post=32945"}],"version-history":[{"count":2,"href":"https:\/\/www.diabsite.de\/diabetes-weblog\/wp-json\/wp\/v2\/posts\/32945\/revisions"}],"predecessor-version":[{"id":32947,"href":"https:\/\/www.diabsite.de\/diabetes-weblog\/wp-json\/wp\/v2\/posts\/32945\/revisions\/32947"}],"wp:attachment":[{"href":"https:\/\/www.diabsite.de\/diabetes-weblog\/wp-json\/wp\/v2\/media?parent=32945"}],"wp:term":[{"taxonomy":"category","embeddable":true,"href":"https:\/\/www.diabsite.de\/diabetes-weblog\/wp-json\/wp\/v2\/categories?post=32945"},{"taxonomy":"post_tag","embeddable":true,"href":"https:\/\/www.diabsite.de\/diabetes-weblog\/wp-json\/wp\/v2\/tags?post=32945"}],"curies":[{"name":"wp","href":"https:\/\/api.w.org\/{rel}","templated":true}]}}