{"id":32788,"date":"2014-11-13T20:11:07","date_gmt":"2014-11-13T19:11:07","guid":{"rendered":"http:\/\/www.diabsite.de\/diabetes-weblog\/?p=32788"},"modified":"2014-11-19T15:50:54","modified_gmt":"2014-11-19T14:50:54","slug":"weltdiabetestag-2014","status":"publish","type":"post","link":"https:\/\/www.diabsite.de\/diabetes-weblog\/2014\/11\/13\/weltdiabetestag-2014\/","title":{"rendered":"Weltdiabetestag 2014"},"content":{"rendered":"<p>Parlamentarische Staatssekret\u00e4rin Ingrid Fischbach zu &#8222;Pr\u00e4vention und Fr\u00fcherkennung sind wichtige S\u00e4ulen der Diabetes-Bek\u00e4mpfung&#8220;: Etwa 6,7 Millionen Menschen in Deutschland leiden laut Gesundheitsmonitoring des Robert Koch-Institutes an einem bekannten oder an einem bisher noch nicht \u00e4rztlich diagnostizierten Diabetes&nbsp;mellitus. <a href=\"https:\/\/www.diabsite.de\/aktuelles\/nachrichten\/2014\/141113d.html\" target=\"_blank\" class=\"ds\" title=\"zur Nachricht (neues Fenster)\">Nachricht lesen<\/a><\/p>\n","protected":false},"excerpt":{"rendered":"<p>Parlamentarische Staatssekret\u00e4rin Ingrid Fischbach zu &#8222;Pr\u00e4vention und Fr\u00fcherkennung sind wichtige S\u00e4ulen der Diabetes-Bek\u00e4mpfung&#8220;: Etwa 6,7 Millionen Menschen in Deutschland leiden laut Gesundheitsmonitoring des Robert Koch-Institutes an einem bekannten oder an einem bisher noch nicht \u00e4rztlich diagnostizierten Diabetes&nbsp;mellitus. Nachricht lesen<\/p>\n","protected":false},"author":4,"featured_media":0,"comment_status":"open","ping_status":"closed","sticky":false,"template":"","format":"standard","meta":{"footnotes":""},"categories":[1],"tags":[4389,4390,92,4326],"_links":{"self":[{"href":"https:\/\/www.diabsite.de\/diabetes-weblog\/wp-json\/wp\/v2\/posts\/32788"}],"collection":[{"href":"https:\/\/www.diabsite.de\/diabetes-weblog\/wp-json\/wp\/v2\/posts"}],"about":[{"href":"https:\/\/www.diabsite.de\/diabetes-weblog\/wp-json\/wp\/v2\/types\/post"}],"author":[{"embeddable":true,"href":"https:\/\/www.diabsite.de\/diabetes-weblog\/wp-json\/wp\/v2\/users\/4"}],"replies":[{"embeddable":true,"href":"https:\/\/www.diabsite.de\/diabetes-weblog\/wp-json\/wp\/v2\/comments?post=32788"}],"version-history":[{"count":2,"href":"https:\/\/www.diabsite.de\/diabetes-weblog\/wp-json\/wp\/v2\/posts\/32788\/revisions"}],"predecessor-version":[{"id":32792,"href":"https:\/\/www.diabsite.de\/diabetes-weblog\/wp-json\/wp\/v2\/posts\/32788\/revisions\/32792"}],"wp:attachment":[{"href":"https:\/\/www.diabsite.de\/diabetes-weblog\/wp-json\/wp\/v2\/media?parent=32788"}],"wp:term":[{"taxonomy":"category","embeddable":true,"href":"https:\/\/www.diabsite.de\/diabetes-weblog\/wp-json\/wp\/v2\/categories?post=32788"},{"taxonomy":"post_tag","embeddable":true,"href":"https:\/\/www.diabsite.de\/diabetes-weblog\/wp-json\/wp\/v2\/tags?post=32788"}],"curies":[{"name":"wp","href":"https:\/\/api.w.org\/{rel}","templated":true}]}}