{"id":32712,"date":"2014-11-12T19:34:26","date_gmt":"2014-11-12T18:34:26","guid":{"rendered":"http:\/\/www.diabsite.de\/diabetes-weblog\/?p=32712"},"modified":"2014-11-15T21:27:54","modified_gmt":"2014-11-15T20:27:54","slug":"krebs-typ-2-diabetes-und-demenz","status":"publish","type":"post","link":"https:\/\/www.diabsite.de\/diabetes-weblog\/2014\/11\/12\/krebs-typ-2-diabetes-und-demenz\/","title":{"rendered":"Krebs, Typ-2-Diabetes und Demenz"},"content":{"rendered":"<p>Am 10. November 2014 ging diese Studie an den Start. Zum offiziellen Auftakt luden Organisatoren, F\u00f6rderer und Wegbegleiter des Projektes nach Essen in eines der 18&nbsp;Studienzentren ein. In den n\u00e4chsten vier Jahren sollen 200.000&nbsp;B\u00fcrgerinnen und B\u00fcrger zwischen 20 und 69&nbsp;Jahren medizinisch untersucht und nach ihren Lebensumst\u00e4nden befragt werden. Ziel des in dieser Dimension bisher einmaligen Gro\u00dfprojektes ist die verbesserte Pr\u00e4vention, Fr\u00fcherkennung und Therapie von Volkskrankheiten wie Krebs, Diabetes und Demenz. <a href=\"https:\/\/www.diabsite.de\/aktuelles\/nachrichten\/2014\/141112c.html\" target=\"_blank\" class=\"ds\" title=\"zur Nachricht (neues Fenster)\">Nachricht lesen<\/a><\/p>\n","protected":false},"excerpt":{"rendered":"<p>Am 10. November 2014 ging diese Studie an den Start. Zum offiziellen Auftakt luden Organisatoren, F\u00f6rderer und Wegbegleiter des Projektes nach Essen in eines der 18&nbsp;Studienzentren ein. In den n\u00e4chsten vier Jahren sollen 200.000&nbsp;B\u00fcrgerinnen und B\u00fcrger zwischen 20 und 69&nbsp;Jahren medizinisch untersucht und nach ihren Lebensumst\u00e4nden befragt werden. Ziel des in dieser Dimension bisher einmaligen [&hellip;]<\/p>\n","protected":false},"author":4,"featured_media":0,"comment_status":"open","ping_status":"closed","sticky":false,"template":"","format":"standard","meta":{"footnotes":""},"categories":[2],"tags":[561,891,129,3804,92,226],"_links":{"self":[{"href":"https:\/\/www.diabsite.de\/diabetes-weblog\/wp-json\/wp\/v2\/posts\/32712"}],"collection":[{"href":"https:\/\/www.diabsite.de\/diabetes-weblog\/wp-json\/wp\/v2\/posts"}],"about":[{"href":"https:\/\/www.diabsite.de\/diabetes-weblog\/wp-json\/wp\/v2\/types\/post"}],"author":[{"embeddable":true,"href":"https:\/\/www.diabsite.de\/diabetes-weblog\/wp-json\/wp\/v2\/users\/4"}],"replies":[{"embeddable":true,"href":"https:\/\/www.diabsite.de\/diabetes-weblog\/wp-json\/wp\/v2\/comments?post=32712"}],"version-history":[{"count":4,"href":"https:\/\/www.diabsite.de\/diabetes-weblog\/wp-json\/wp\/v2\/posts\/32712\/revisions"}],"predecessor-version":[{"id":32732,"href":"https:\/\/www.diabsite.de\/diabetes-weblog\/wp-json\/wp\/v2\/posts\/32712\/revisions\/32732"}],"wp:attachment":[{"href":"https:\/\/www.diabsite.de\/diabetes-weblog\/wp-json\/wp\/v2\/media?parent=32712"}],"wp:term":[{"taxonomy":"category","embeddable":true,"href":"https:\/\/www.diabsite.de\/diabetes-weblog\/wp-json\/wp\/v2\/categories?post=32712"},{"taxonomy":"post_tag","embeddable":true,"href":"https:\/\/www.diabsite.de\/diabetes-weblog\/wp-json\/wp\/v2\/tags?post=32712"}],"curies":[{"name":"wp","href":"https:\/\/api.w.org\/{rel}","templated":true}]}}