{"id":32641,"date":"2014-11-10T22:11:59","date_gmt":"2014-11-10T21:11:59","guid":{"rendered":"http:\/\/www.diabsite.de\/diabetes-weblog\/?p=32641"},"modified":"2014-11-10T22:14:27","modified_gmt":"2014-11-10T21:14:27","slug":"auftakt-fuer-die-nationale-kohorte-nako","status":"publish","type":"post","link":"https:\/\/www.diabsite.de\/diabetes-weblog\/2014\/11\/10\/auftakt-fuer-die-nationale-kohorte-nako\/","title":{"rendered":"Auftakt f\u00fcr die Nationale Kohorte (NAKO)"},"content":{"rendered":"<p>Tag der offenen T\u00fcr am NAKO-Studienzentrum in Bremen: Heute geht Deutschlands gr\u00f6\u00dfte Gesundheitsstudie an den Start. Zum offiziellen Auftakt luden Organisatoren, F\u00f6rderer und Wegbegleiter des Projektes nach Essen in eines der 18&nbsp;Studienzentren ein. In den n\u00e4chsten vier Jahren sollen 200.000&nbsp;Personen zwischen 20 und 69&nbsp;Jahren medizinisch untersucht und nach ihren Lebensumst\u00e4nden befragt werden. Ziel des in dieser Dimension bisher einmaligen Gro\u00dfprojektes ist die verbesserte Pr\u00e4vention, Fr\u00fcherkennung und Therapie der typischen Volkskrankheiten, wie etwa Krebs, Diabetes und Demenz. Das Bremer Studienzentrum am Leibniz-Institut f\u00fcr Pr\u00e4ventionsforschung und Epidemiologie&nbsp;&#8211; BIPS informiert am 21.11. mit einem Tag der offenen T\u00fcr \u00fcber die Studie. <a href=\"https:\/\/www.diabsite.de\/aktuelles\/nachrichten\/2014\/141110.html\" target=\"_blank\" class=\"ds\" title=\"zur Nachricht (neues Fenster)\">Nachricht lesen<\/a><\/p>\n","protected":false},"excerpt":{"rendered":"<p>Tag der offenen T\u00fcr am NAKO-Studienzentrum in Bremen: Heute geht Deutschlands gr\u00f6\u00dfte Gesundheitsstudie an den Start. Zum offiziellen Auftakt luden Organisatoren, F\u00f6rderer und Wegbegleiter des Projektes nach Essen in eines der 18&nbsp;Studienzentren ein. In den n\u00e4chsten vier Jahren sollen 200.000&nbsp;Personen zwischen 20 und 69&nbsp;Jahren medizinisch untersucht und nach ihren Lebensumst\u00e4nden befragt werden. Ziel des in [&hellip;]<\/p>\n","protected":false},"author":4,"featured_media":0,"comment_status":"open","ping_status":"closed","sticky":false,"template":"","format":"standard","meta":{"footnotes":""},"categories":[2],"tags":[4365,24,70,4364,97],"_links":{"self":[{"href":"https:\/\/www.diabsite.de\/diabetes-weblog\/wp-json\/wp\/v2\/posts\/32641"}],"collection":[{"href":"https:\/\/www.diabsite.de\/diabetes-weblog\/wp-json\/wp\/v2\/posts"}],"about":[{"href":"https:\/\/www.diabsite.de\/diabetes-weblog\/wp-json\/wp\/v2\/types\/post"}],"author":[{"embeddable":true,"href":"https:\/\/www.diabsite.de\/diabetes-weblog\/wp-json\/wp\/v2\/users\/4"}],"replies":[{"embeddable":true,"href":"https:\/\/www.diabsite.de\/diabetes-weblog\/wp-json\/wp\/v2\/comments?post=32641"}],"version-history":[{"count":4,"href":"https:\/\/www.diabsite.de\/diabetes-weblog\/wp-json\/wp\/v2\/posts\/32641\/revisions"}],"predecessor-version":[{"id":32645,"href":"https:\/\/www.diabsite.de\/diabetes-weblog\/wp-json\/wp\/v2\/posts\/32641\/revisions\/32645"}],"wp:attachment":[{"href":"https:\/\/www.diabsite.de\/diabetes-weblog\/wp-json\/wp\/v2\/media?parent=32641"}],"wp:term":[{"taxonomy":"category","embeddable":true,"href":"https:\/\/www.diabsite.de\/diabetes-weblog\/wp-json\/wp\/v2\/categories?post=32641"},{"taxonomy":"post_tag","embeddable":true,"href":"https:\/\/www.diabsite.de\/diabetes-weblog\/wp-json\/wp\/v2\/tags?post=32641"}],"curies":[{"name":"wp","href":"https:\/\/api.w.org\/{rel}","templated":true}]}}