{"id":32553,"date":"2014-11-02T16:35:10","date_gmt":"2014-11-02T15:35:10","guid":{"rendered":"http:\/\/www.diabsite.de\/diabetes-weblog\/?p=32553"},"modified":"2014-11-02T22:12:53","modified_gmt":"2014-11-02T21:12:53","slug":"trockene-haut-im-herbst-und-winter-bei-diabetes","status":"publish","type":"post","link":"https:\/\/www.diabsite.de\/diabetes-weblog\/2014\/11\/02\/trockene-haut-im-herbst-und-winter-bei-diabetes\/","title":{"rendered":"Trockene Haut im Herbst und Winter bei Diabetes"},"content":{"rendered":"<p><a href=\"https:\/\/www.diabsite.de\/aktuelles\/nachrichten\/2014\/141102.html\" target=\"_blank\" class=\"ds\" title=\"zur Nachricht (neues Fenster)\"><img loading=\"lazy\" decoding=\"async\" class=\"alignright\" src=\"https:\/\/www.diabsite.de\/diabetes-weblog\/wp-content\/images\/2014\/141102.jpg\" width=\"150\" height=\"101\" alt=\"Trockene Haut ben\u00f6tigt im Herbst und Winter besonders viel Pflege\" \/><\/a> Was Diabetiker beachten sollten:  Diabetes und Hautprobleme sind eine h\u00e4ufige und unliebsame Kombination: Man sch\u00e4tzt, dass bis zu 70&nbsp;% aller Diabetiker fr\u00fcher oder sp\u00e4ter von Hautver\u00e4nderungen oder Hauterkrankungen betroffen sind. Oft sind Hautprobleme schon vor der Diabetesdiagnose, in der Phase der gest\u00f6rten Zuckerverwertung, vorhanden. <a href=\"https:\/\/www.diabsite.de\/aktuelles\/nachrichten\/2014\/141102.html\" target=\"_blank\" class=\"ds\" title=\"zur Nachricht (neues Fenster)\">Nachricht lesen<\/a><\/p>\n","protected":false},"excerpt":{"rendered":"<p>Was Diabetiker beachten sollten: Diabetes und Hautprobleme sind eine h\u00e4ufige und unliebsame Kombination: Man sch\u00e4tzt, dass bis zu 70&nbsp;% aller Diabetiker fr\u00fcher oder sp\u00e4ter von Hautver\u00e4nderungen oder Hauterkrankungen betroffen sind. Oft sind Hautprobleme schon vor der Diabetesdiagnose, in der Phase der gest\u00f6rten Zuckerverwertung, vorhanden. Nachricht lesen<\/p>\n","protected":false},"author":4,"featured_media":0,"comment_status":"open","ping_status":"closed","sticky":false,"template":"","format":"standard","meta":{"footnotes":""},"categories":[2],"tags":[24,30,877,4330,1400],"_links":{"self":[{"href":"https:\/\/www.diabsite.de\/diabetes-weblog\/wp-json\/wp\/v2\/posts\/32553"}],"collection":[{"href":"https:\/\/www.diabsite.de\/diabetes-weblog\/wp-json\/wp\/v2\/posts"}],"about":[{"href":"https:\/\/www.diabsite.de\/diabetes-weblog\/wp-json\/wp\/v2\/types\/post"}],"author":[{"embeddable":true,"href":"https:\/\/www.diabsite.de\/diabetes-weblog\/wp-json\/wp\/v2\/users\/4"}],"replies":[{"embeddable":true,"href":"https:\/\/www.diabsite.de\/diabetes-weblog\/wp-json\/wp\/v2\/comments?post=32553"}],"version-history":[{"count":2,"href":"https:\/\/www.diabsite.de\/diabetes-weblog\/wp-json\/wp\/v2\/posts\/32553\/revisions"}],"predecessor-version":[{"id":32555,"href":"https:\/\/www.diabsite.de\/diabetes-weblog\/wp-json\/wp\/v2\/posts\/32553\/revisions\/32555"}],"wp:attachment":[{"href":"https:\/\/www.diabsite.de\/diabetes-weblog\/wp-json\/wp\/v2\/media?parent=32553"}],"wp:term":[{"taxonomy":"category","embeddable":true,"href":"https:\/\/www.diabsite.de\/diabetes-weblog\/wp-json\/wp\/v2\/categories?post=32553"},{"taxonomy":"post_tag","embeddable":true,"href":"https:\/\/www.diabsite.de\/diabetes-weblog\/wp-json\/wp\/v2\/tags?post=32553"}],"curies":[{"name":"wp","href":"https:\/\/api.w.org\/{rel}","templated":true}]}}