{"id":32273,"date":"2014-10-17T18:45:39","date_gmt":"2014-10-17T16:45:39","guid":{"rendered":"http:\/\/www.diabsite.de\/diabetes-weblog\/?p=32273"},"modified":"2014-10-17T20:57:06","modified_gmt":"2014-10-17T18:57:06","slug":"starkes-signal-fuer-mehr-gerechtigkeit-in-der-pflege","status":"publish","type":"post","link":"https:\/\/www.diabsite.de\/diabetes-weblog\/2014\/10\/17\/starkes-signal-fuer-mehr-gerechtigkeit-in-der-pflege\/","title":{"rendered":"Starkes Signal f\u00fcr mehr Gerechtigkeit in der Pflege"},"content":{"rendered":"<p>Zur Verabschiedung des ersten Pflegest\u00e4rkungsgesetzes durch den Deutschen Bundestag erkl\u00e4rt der Patientenbeauftragte und Pflegebevollm\u00e4chtigte der Bundesregierung, Staatssekret\u00e4r Karl-Josef Laumann: <a href=\"https:\/\/www.diabsite.de\/aktuelles\/nachrichten\/2014\/141017c.html\" target=\"_blank\" class=\"ds\" title=\"zur Nachricht (neues Fenster)\">Nachricht lesen<\/a><\/p>\n","protected":false},"excerpt":{"rendered":"<p>Zur Verabschiedung des ersten Pflegest\u00e4rkungsgesetzes durch den Deutschen Bundestag erkl\u00e4rt der Patientenbeauftragte und Pflegebevollm\u00e4chtigte der Bundesregierung, Staatssekret\u00e4r Karl-Josef Laumann: Nachricht lesen<\/p>\n","protected":false},"author":4,"featured_media":0,"comment_status":"open","ping_status":"closed","sticky":false,"template":"","format":"standard","meta":{"footnotes":""},"categories":[2],"tags":[4275,4274,1445,4273,4272],"_links":{"self":[{"href":"https:\/\/www.diabsite.de\/diabetes-weblog\/wp-json\/wp\/v2\/posts\/32273"}],"collection":[{"href":"https:\/\/www.diabsite.de\/diabetes-weblog\/wp-json\/wp\/v2\/posts"}],"about":[{"href":"https:\/\/www.diabsite.de\/diabetes-weblog\/wp-json\/wp\/v2\/types\/post"}],"author":[{"embeddable":true,"href":"https:\/\/www.diabsite.de\/diabetes-weblog\/wp-json\/wp\/v2\/users\/4"}],"replies":[{"embeddable":true,"href":"https:\/\/www.diabsite.de\/diabetes-weblog\/wp-json\/wp\/v2\/comments?post=32273"}],"version-history":[{"count":5,"href":"https:\/\/www.diabsite.de\/diabetes-weblog\/wp-json\/wp\/v2\/posts\/32273\/revisions"}],"predecessor-version":[{"id":32283,"href":"https:\/\/www.diabsite.de\/diabetes-weblog\/wp-json\/wp\/v2\/posts\/32273\/revisions\/32283"}],"wp:attachment":[{"href":"https:\/\/www.diabsite.de\/diabetes-weblog\/wp-json\/wp\/v2\/media?parent=32273"}],"wp:term":[{"taxonomy":"category","embeddable":true,"href":"https:\/\/www.diabsite.de\/diabetes-weblog\/wp-json\/wp\/v2\/categories?post=32273"},{"taxonomy":"post_tag","embeddable":true,"href":"https:\/\/www.diabsite.de\/diabetes-weblog\/wp-json\/wp\/v2\/tags?post=32273"}],"curies":[{"name":"wp","href":"https:\/\/api.w.org\/{rel}","templated":true}]}}