{"id":32207,"date":"2014-10-13T18:03:48","date_gmt":"2014-10-13T16:03:48","guid":{"rendered":"http:\/\/www.diabsite.de\/diabetes-weblog\/?p=32207"},"modified":"2014-10-13T21:53:51","modified_gmt":"2014-10-13T19:53:51","slug":"50-jahre-tag-des-weissen-stockes","status":"publish","type":"post","link":"https:\/\/www.diabsite.de\/diabetes-weblog\/2014\/10\/13\/50-jahre-tag-des-weissen-stockes\/","title":{"rendered":"50 Jahre &#8222;Tag des wei\u00dfen Stockes&#8220;"},"content":{"rendered":"<p>Patientenorganisationen gr\u00fcnden Allianz zur Unterst\u00fctzung blinder und sehbehinderter Diabetiker: Mindestens sechs Millionen Menschen in Deutschland sind von Diabetes betroffen, mehr als 60&nbsp;Prozent davon entwickeln Sch\u00e4den im Auge. Angesichts dieser Zahlen starten der Deutsche Blinden- und Sehbehindertenverband&nbsp;(DBSV) und die Deutsche Diabetes-Hilfe&nbsp;&#8211; Menschen mit Diabetes&nbsp;(DDH-M) gemeinsam das Projekt &#8222;Diabetes und Auge&#8220;. Ziele der Zusammenarbeit sind unter anderem die Verh\u00fctung von Folgeerkrankungen des Diabetes am Auge, eine bestm\u00f6gliche Therapie und Versorgung der Patienten sowie die h\u00f6chstm\u00f6gliche Lebensqualit\u00e4t f\u00fcr Diabetiker, die bereits von einem Sehverlust betroffen sind. <a href=\"https:\/\/www.diabsite.de\/aktuelles\/nachrichten\/2014\/141013.html\" target=\"_blank\" class=\"ds\" title=\"zur Nachricht (neues Fenster)\">Nachricht lesen<\/a><\/p>\n<p>Das k\u00f6nnte Sie auch interessieren:<\/p>\n<p>&#8211; <a href=\"https:\/\/www.diabetes-radio.de\/2007\/05\/18\/voicemate-plus-sich-endlich-nicht-mehr-fuhlen-wie-ein-armer-sunder-vor-dem-arzt\/\" target=\"_blank\" class=\"radio\" title=\"neues Fenster\">Voicemate Plus: Sich endlich nicht mehr f\u00fchlen wie ein armer S\u00fcnder vor dem Arzt<\/a>&nbsp;&#8211; Ein Interview mit der blinden Diabetikerin Diana Dro\u00dfel im DiabSite&nbsp;Diabetes-Radio<br \/>\n&#8211; <a href=\"https:\/\/www.diabsite.de\/themen\/komplikationen\/augen\/index.html\" target=\"_blank\" class=\"ds\" title=\"neues Fenster\">Diabetes und Augen<\/a>&nbsp;&#8211; Ein Schwerpunktthema auf dem Diabetes-Portal DiabSite<\/p>\n","protected":false},"excerpt":{"rendered":"<p>Patientenorganisationen gr\u00fcnden Allianz zur Unterst\u00fctzung blinder und sehbehinderter Diabetiker: Mindestens sechs Millionen Menschen in Deutschland sind von Diabetes betroffen, mehr als 60&nbsp;Prozent davon entwickeln Sch\u00e4den im Auge. Angesichts dieser Zahlen starten der Deutsche Blinden- und Sehbehindertenverband&nbsp;(DBSV) und die Deutsche Diabetes-Hilfe&nbsp;&#8211; Menschen mit Diabetes&nbsp;(DDH-M) gemeinsam das Projekt &#8222;Diabetes und Auge&#8220;. Ziele der Zusammenarbeit sind unter anderem [&hellip;]<\/p>\n","protected":false},"author":4,"featured_media":0,"comment_status":"open","ping_status":"closed","sticky":false,"template":"","format":"standard","meta":{"footnotes":""},"categories":[2],"tags":[3467,12,24,30,4251,3468,4253],"_links":{"self":[{"href":"https:\/\/www.diabsite.de\/diabetes-weblog\/wp-json\/wp\/v2\/posts\/32207"}],"collection":[{"href":"https:\/\/www.diabsite.de\/diabetes-weblog\/wp-json\/wp\/v2\/posts"}],"about":[{"href":"https:\/\/www.diabsite.de\/diabetes-weblog\/wp-json\/wp\/v2\/types\/post"}],"author":[{"embeddable":true,"href":"https:\/\/www.diabsite.de\/diabetes-weblog\/wp-json\/wp\/v2\/users\/4"}],"replies":[{"embeddable":true,"href":"https:\/\/www.diabsite.de\/diabetes-weblog\/wp-json\/wp\/v2\/comments?post=32207"}],"version-history":[{"count":9,"href":"https:\/\/www.diabsite.de\/diabetes-weblog\/wp-json\/wp\/v2\/posts\/32207\/revisions"}],"predecessor-version":[{"id":32221,"href":"https:\/\/www.diabsite.de\/diabetes-weblog\/wp-json\/wp\/v2\/posts\/32207\/revisions\/32221"}],"wp:attachment":[{"href":"https:\/\/www.diabsite.de\/diabetes-weblog\/wp-json\/wp\/v2\/media?parent=32207"}],"wp:term":[{"taxonomy":"category","embeddable":true,"href":"https:\/\/www.diabsite.de\/diabetes-weblog\/wp-json\/wp\/v2\/categories?post=32207"},{"taxonomy":"post_tag","embeddable":true,"href":"https:\/\/www.diabsite.de\/diabetes-weblog\/wp-json\/wp\/v2\/tags?post=32207"}],"curies":[{"name":"wp","href":"https:\/\/api.w.org\/{rel}","templated":true}]}}