{"id":31868,"date":"2014-09-19T17:17:39","date_gmt":"2014-09-19T15:17:39","guid":{"rendered":"http:\/\/www.diabsite.de\/diabetes-weblog\/?p=31868"},"modified":"2014-09-19T21:40:34","modified_gmt":"2014-09-19T19:40:34","slug":"leben-mit-diabetes-folgeerkrankungen-vermeiden","status":"publish","type":"post","link":"https:\/\/www.diabsite.de\/diabetes-weblog\/2014\/09\/19\/leben-mit-diabetes-folgeerkrankungen-vermeiden\/","title":{"rendered":"Leben mit Diabetes &#8211; Folgeerkrankungen vermeiden"},"content":{"rendered":"<p><a href=\"https:\/\/www.diabsite.de\/aktuelles\/nachrichten\/2014\/140919b.html\" target=\"_blank\" class=\"ds\" title=\"zur Nachricht (neues Fenster)\"><img loading=\"lazy\" decoding=\"async\" class=\"alignright\" src=\"https:\/\/www.diabsite.de\/diabetes-weblog\/wp-content\/images\/2014\/140919b.jpg\" width=\"150\" height=\"100\" alt=\"Besucher lauschen Vortrag zum Diabetes mellitus\" \/><\/a> 12.&nbsp;D\u00fcsseldorfer Diabetes-Tag stellt diese Themen in den Mittelpunkt: Am 27.&nbsp;September 2014 laden das Deutsche Diabetes-Zentrum, die D\u00fcsseldorfer Diabetologen und der Verein &#8222;Deutsche Diabetes-Hilfe&nbsp;&#8211; Menschen mit Diabetes-Landesverband Nordrhein-Westfalen&nbsp;e.V.&#8220; Diabetiker, ihre Angeh\u00f6rigen und Interessierte zum 12.&nbsp;D\u00fcsseldorfer Diabetes-Tag in der D\u00fcsseldorfer Handwerkskammer ein. Die Besucher der Veranstaltung k\u00f6nnen sich von 9.00 bis 14.30&nbsp;Uhr in 15&nbsp;Vortr\u00e4gen, der Podiumsdiskussion &#8222;Patienten fragen&nbsp;&#8211; Experten antworten&#8220; und einer begleitenden Industrie-Ausstellung \u00fcber aktuelle Erkenntnisse aus der Diabetologie umfassend informieren. <a href=\"https:\/\/www.diabsite.de\/aktuelles\/nachrichten\/2014\/140919b.html\" target=\"_blank\" class=\"ds\" title=\"zur Nachricht (neues Fenster)\">Nachricht lesen<\/a><\/p>\n","protected":false},"excerpt":{"rendered":"<p>12.&nbsp;D\u00fcsseldorfer Diabetes-Tag stellt diese Themen in den Mittelpunkt: Am 27.&nbsp;September 2014 laden das Deutsche Diabetes-Zentrum, die D\u00fcsseldorfer Diabetologen und der Verein &#8222;Deutsche Diabetes-Hilfe&nbsp;&#8211; Menschen mit Diabetes-Landesverband Nordrhein-Westfalen&nbsp;e.V.&#8220; Diabetiker, ihre Angeh\u00f6rigen und Interessierte zum 12.&nbsp;D\u00fcsseldorfer Diabetes-Tag in der D\u00fcsseldorfer Handwerkskammer ein. Die Besucher der Veranstaltung k\u00f6nnen sich von 9.00 bis 14.30&nbsp;Uhr in 15&nbsp;Vortr\u00e4gen, der Podiumsdiskussion &#8222;Patienten [&hellip;]<\/p>\n","protected":false},"author":4,"featured_media":0,"comment_status":"open","ping_status":"closed","sticky":false,"template":"","format":"standard","meta":{"footnotes":""},"categories":[2],"tags":[906,24,817],"_links":{"self":[{"href":"https:\/\/www.diabsite.de\/diabetes-weblog\/wp-json\/wp\/v2\/posts\/31868"}],"collection":[{"href":"https:\/\/www.diabsite.de\/diabetes-weblog\/wp-json\/wp\/v2\/posts"}],"about":[{"href":"https:\/\/www.diabsite.de\/diabetes-weblog\/wp-json\/wp\/v2\/types\/post"}],"author":[{"embeddable":true,"href":"https:\/\/www.diabsite.de\/diabetes-weblog\/wp-json\/wp\/v2\/users\/4"}],"replies":[{"embeddable":true,"href":"https:\/\/www.diabsite.de\/diabetes-weblog\/wp-json\/wp\/v2\/comments?post=31868"}],"version-history":[{"count":7,"href":"https:\/\/www.diabsite.de\/diabetes-weblog\/wp-json\/wp\/v2\/posts\/31868\/revisions"}],"predecessor-version":[{"id":31876,"href":"https:\/\/www.diabsite.de\/diabetes-weblog\/wp-json\/wp\/v2\/posts\/31868\/revisions\/31876"}],"wp:attachment":[{"href":"https:\/\/www.diabsite.de\/diabetes-weblog\/wp-json\/wp\/v2\/media?parent=31868"}],"wp:term":[{"taxonomy":"category","embeddable":true,"href":"https:\/\/www.diabsite.de\/diabetes-weblog\/wp-json\/wp\/v2\/categories?post=31868"},{"taxonomy":"post_tag","embeddable":true,"href":"https:\/\/www.diabsite.de\/diabetes-weblog\/wp-json\/wp\/v2\/tags?post=31868"}],"curies":[{"name":"wp","href":"https:\/\/api.w.org\/{rel}","templated":true}]}}