{"id":31863,"date":"2014-09-19T16:23:36","date_gmt":"2014-09-19T14:23:36","guid":{"rendered":"http:\/\/www.diabsite.de\/diabetes-weblog\/?p=31863"},"modified":"2014-09-19T20:30:59","modified_gmt":"2014-09-19T18:30:59","slug":"lehrer-lernen-mehr-ueber-typ-1-diabetes-asthma-und-adhs","status":"publish","type":"post","link":"https:\/\/www.diabsite.de\/diabetes-weblog\/2014\/09\/19\/lehrer-lernen-mehr-ueber-typ-1-diabetes-asthma-und-adhs\/","title":{"rendered":"Lehrer lernen mehr \u00fcber Typ-1-Diabetes, Asthma und ADHS"},"content":{"rendered":"<p>Wie k\u00f6nnen Lehrkr\u00e4fte ihre kranken Sch\u00fcler unterst\u00fctzen? Warum muss die Sch\u00fclerin mit Diabetes mellitus Typ&nbsp;1 mitten in der Stunde ihr Brot essen? Wie bedrohlich ist das schwere Atmen des Sch\u00fclers mit Asthma bronchiale? Und was f\u00f6rdert die Konzentration eines Sch\u00fclers mit dem Aufmerksamkeitsdefizit-Hyperaktivit\u00e4ts-Syndrom&nbsp;ADHS? Diese chronischen Gesundheitsst\u00f6rungen bei Kindern und Jugendlichen haben l\u00e4ngst Einzug in die Klassenzimmer gehalten. Je besser Lehrer dar\u00fcber Bescheid wissen, desto angemessener k\u00f6nnen sie mit den betroffenen Sch\u00fclern umgehen. Dazu dient eine Fortbildung f\u00fcr Lehrer, die der Verein Diabetes&nbsp;Kinder&nbsp;Ulm und Umgebung&nbsp;e.V. zusammen mit dem Schulungszentrum f\u00fcr Kinder und Jugendliche mit Diabetes mellitus Ulm anbietet. Lehrer k\u00f6nnen sich f\u00fcr die Veranstaltung am 15.&nbsp;Oktober (ab 14:30&nbsp;Uhr, Studio&nbsp;Sparkasse Neue&nbsp;Mitte,&nbsp;Ulm) anmelden. <a href=\"https:\/\/www.diabsite.de\/aktuelles\/nachrichten\/2014\/140919.html\" target=\"_blank\" class=\"ds\" title=\"zur Nachricht (neues Fenster)\">Nachricht lesen<\/a><\/p>\n","protected":false},"excerpt":{"rendered":"<p>Wie k\u00f6nnen Lehrkr\u00e4fte ihre kranken Sch\u00fcler unterst\u00fctzen? Warum muss die Sch\u00fclerin mit Diabetes mellitus Typ&nbsp;1 mitten in der Stunde ihr Brot essen? Wie bedrohlich ist das schwere Atmen des Sch\u00fclers mit Asthma bronchiale? Und was f\u00f6rdert die Konzentration eines Sch\u00fclers mit dem Aufmerksamkeitsdefizit-Hyperaktivit\u00e4ts-Syndrom&nbsp;ADHS? Diese chronischen Gesundheitsst\u00f6rungen bei Kindern und Jugendlichen haben l\u00e4ngst Einzug in die [&hellip;]<\/p>\n","protected":false},"author":4,"featured_media":0,"comment_status":"open","ping_status":"closed","sticky":false,"template":"","format":"standard","meta":{"footnotes":""},"categories":[2],"tags":[4171,236,12,145,374,122,4058,4170,740,394],"_links":{"self":[{"href":"https:\/\/www.diabsite.de\/diabetes-weblog\/wp-json\/wp\/v2\/posts\/31863"}],"collection":[{"href":"https:\/\/www.diabsite.de\/diabetes-weblog\/wp-json\/wp\/v2\/posts"}],"about":[{"href":"https:\/\/www.diabsite.de\/diabetes-weblog\/wp-json\/wp\/v2\/types\/post"}],"author":[{"embeddable":true,"href":"https:\/\/www.diabsite.de\/diabetes-weblog\/wp-json\/wp\/v2\/users\/4"}],"replies":[{"embeddable":true,"href":"https:\/\/www.diabsite.de\/diabetes-weblog\/wp-json\/wp\/v2\/comments?post=31863"}],"version-history":[{"count":4,"href":"https:\/\/www.diabsite.de\/diabetes-weblog\/wp-json\/wp\/v2\/posts\/31863\/revisions"}],"predecessor-version":[{"id":31867,"href":"https:\/\/www.diabsite.de\/diabetes-weblog\/wp-json\/wp\/v2\/posts\/31863\/revisions\/31867"}],"wp:attachment":[{"href":"https:\/\/www.diabsite.de\/diabetes-weblog\/wp-json\/wp\/v2\/media?parent=31863"}],"wp:term":[{"taxonomy":"category","embeddable":true,"href":"https:\/\/www.diabsite.de\/diabetes-weblog\/wp-json\/wp\/v2\/categories?post=31863"},{"taxonomy":"post_tag","embeddable":true,"href":"https:\/\/www.diabsite.de\/diabetes-weblog\/wp-json\/wp\/v2\/tags?post=31863"}],"curies":[{"name":"wp","href":"https:\/\/api.w.org\/{rel}","templated":true}]}}