{"id":31830,"date":"2014-09-16T15:42:40","date_gmt":"2014-09-16T13:42:40","guid":{"rendered":"http:\/\/www.diabsite.de\/diabetes-weblog\/?p=31830"},"modified":"2014-09-18T20:41:36","modified_gmt":"2014-09-18T18:41:36","slug":"diabetes-ein-beispiel-fur-krankheiten-mit-eingeschrankter-gefasregeneration","status":"publish","type":"post","link":"https:\/\/www.diabsite.de\/diabetes-weblog\/2014\/09\/16\/diabetes-ein-beispiel-fur-krankheiten-mit-eingeschrankter-gefasregeneration\/","title":{"rendered":"Diabetes &#8211; ein Beispiel f\u00fcr Krankheiten mit eingeschr\u00e4nkter Gef\u00e4\u00dfregeneration"},"content":{"rendered":"<p><a href=\"https:\/\/www.diabsite.de\/aktuelles\/nachrichten\/2014\/140916b.html\" target=\"_blank\" class=\"ds\" title=\"zur Nachricht (neues Fenster)\"><img loading=\"lazy\" decoding=\"async\" class=\"alignright\" src=\"https:\/\/www.diabsite.de\/diabetes-weblog\/wp-content\/images\/2014\/140916b-prof-ralf-brandes.jpg\" width=\"120\" height=\"180\" alt=\"Professor Ralf Brandes\" \/><\/a> Ob Osteoporose, Multiple Sklerose oder m\u00f6glicher Weise Herzinfarkte: Eine Vielzahl von Krankheitsbildern wird mit einem Mangel an Vitamin&nbsp;D in Verbindung gebracht. Auch in Deutschland ist die Vitamin-D-Unterversorgung ausgesprochen h\u00e4ufig. Mindestens 60&nbsp;Prozent der Deutschen haben einen zu niedrigen Vitamin-D-Spiegel, obgleich der K\u00f6rper bei ausreichender Sonnenbestrahlung der Haut Vitamin&nbsp;D selbst bilden kann. Frankfurter Wissenschaftler um die Physiologen Prof.&nbsp;Ralf Brandes und <a href=\"https:\/\/www.diabsite.de\/aktuelles\/nachrichten\/2014\/140916b.html\" target=\"_blank\" class=\"ds\" title=\"zur Nachricht (neues Fenster)\"><img loading=\"lazy\" decoding=\"async\" class=\"alignleft\" src=\"https:\/\/www.diabsite.de\/diabetes-weblog\/wp-content\/images\/2014\/140916b-dr-katrin-schroeder.jpg\" width=\"120\" height=\"180\" alt=\"PD Dr. Katrin Schr\u00f6der\" \/><\/a> PD&nbsp;Dr.&nbsp;Katrin Schr\u00f6der vom Fachbereich Medizin der Goethe-Universit\u00e4t Frankfurt haben jetzt entdeckt, das Vitamin&nbsp;D die Blutgef\u00e4\u00dfneubildung f\u00f6rdert. Mit dieser Erkenntnis k\u00f6nnte die Therapie von Krankheiten verbessert werden, die eine eingeschr\u00e4nkte Gef\u00e4\u00dfregeneration zur Folge haben. Ein sehr verbreitetes Beispiel f\u00fcr eine solche Erkrankung ist Diabetes. Die Ergebnisse und Schlussfolgerungen wurden heute in der aktuellen Ausgabe des renommierten Fachjournals &#8222;Circulation&#8220; ver\u00f6ffentlicht. Es handelt sich um die erste Studie, die den Zusammenhang von Gef\u00e4\u00dfregeneration und Vitamin&nbsp;D aufdeckt. <a href=\"https:\/\/www.diabsite.de\/aktuelles\/nachrichten\/2014\/140916b.html\" target=\"_blank\" class=\"ds\" title=\"zur Nachricht (neues Fenster)\">Nachricht lesen<\/a><\/p>\n","protected":false},"excerpt":{"rendered":"<p>Ob Osteoporose, Multiple Sklerose oder m\u00f6glicher Weise Herzinfarkte: Eine Vielzahl von Krankheitsbildern wird mit einem Mangel an Vitamin&nbsp;D in Verbindung gebracht. Auch in Deutschland ist die Vitamin-D-Unterversorgung ausgesprochen h\u00e4ufig. Mindestens 60&nbsp;Prozent der Deutschen haben einen zu niedrigen Vitamin-D-Spiegel, obgleich der K\u00f6rper bei ausreichender Sonnenbestrahlung der Haut Vitamin&nbsp;D selbst bilden kann. Frankfurter Wissenschaftler um die Physiologen [&hellip;]<\/p>\n","protected":false},"author":4,"featured_media":0,"comment_status":"open","ping_status":"closed","sticky":false,"template":"","format":"standard","meta":{"footnotes":""},"categories":[2],"tags":[1832,24,30,4164,4165,2054,226],"_links":{"self":[{"href":"https:\/\/www.diabsite.de\/diabetes-weblog\/wp-json\/wp\/v2\/posts\/31830"}],"collection":[{"href":"https:\/\/www.diabsite.de\/diabetes-weblog\/wp-json\/wp\/v2\/posts"}],"about":[{"href":"https:\/\/www.diabsite.de\/diabetes-weblog\/wp-json\/wp\/v2\/types\/post"}],"author":[{"embeddable":true,"href":"https:\/\/www.diabsite.de\/diabetes-weblog\/wp-json\/wp\/v2\/users\/4"}],"replies":[{"embeddable":true,"href":"https:\/\/www.diabsite.de\/diabetes-weblog\/wp-json\/wp\/v2\/comments?post=31830"}],"version-history":[{"count":12,"href":"https:\/\/www.diabsite.de\/diabetes-weblog\/wp-json\/wp\/v2\/posts\/31830\/revisions"}],"predecessor-version":[{"id":31861,"href":"https:\/\/www.diabsite.de\/diabetes-weblog\/wp-json\/wp\/v2\/posts\/31830\/revisions\/31861"}],"wp:attachment":[{"href":"https:\/\/www.diabsite.de\/diabetes-weblog\/wp-json\/wp\/v2\/media?parent=31830"}],"wp:term":[{"taxonomy":"category","embeddable":true,"href":"https:\/\/www.diabsite.de\/diabetes-weblog\/wp-json\/wp\/v2\/categories?post=31830"},{"taxonomy":"post_tag","embeddable":true,"href":"https:\/\/www.diabsite.de\/diabetes-weblog\/wp-json\/wp\/v2\/tags?post=31830"}],"curies":[{"name":"wp","href":"https:\/\/api.w.org\/{rel}","templated":true}]}}