{"id":31633,"date":"2014-08-30T17:08:17","date_gmt":"2014-08-30T15:08:17","guid":{"rendered":"http:\/\/www.diabsite.de\/diabetes-weblog\/?p=31633"},"modified":"2014-08-31T21:20:02","modified_gmt":"2014-08-31T19:20:02","slug":"ddb-regionalverband-nord-gegruendet","status":"publish","type":"post","link":"https:\/\/www.diabsite.de\/diabetes-weblog\/2014\/08\/30\/ddb-regionalverband-nord-gegruendet\/","title":{"rendered":"DDB-Regionalverband Nord gegr\u00fcndet"},"content":{"rendered":"<p>Deutscher Diabetiker Bund in Schleswig-Holstein: Der Deutsche Diabetiker Bund (DDB), Deutschlands gr\u00f6\u00dfte Selbsthilfeorganisation f\u00fcr Menschen mit Diabetes, hat einen neuen Regionalverband Nord gegr\u00fcndet, dem auch die Mitglieder des DDB Schleswig-Holstein beitreten k\u00f6nnen. Aufgrund der weiterhin unklaren Situation im DDB-Landesverband&nbsp;(LV) Schleswig-Holstein hat der DDB diesen Schritt vollzogen und garantiert, dass die Selbsthilfearbeit den Patienteninteressen folgend in Schleswig-Holstein erfolgreich weitergehen wird. <a href=\"https:\/\/www.diabsite.de\/aktuelles\/nachrichten\/2014\/140830.html\" target=\"_blank\" class=\"ds\" title=\"zur Nachricht (neues Fenster)\">Nachricht lesen<\/a><\/p>\n","protected":false},"excerpt":{"rendered":"<p>Deutscher Diabetiker Bund in Schleswig-Holstein: Der Deutsche Diabetiker Bund (DDB), Deutschlands gr\u00f6\u00dfte Selbsthilfeorganisation f\u00fcr Menschen mit Diabetes, hat einen neuen Regionalverband Nord gegr\u00fcndet, dem auch die Mitglieder des DDB Schleswig-Holstein beitreten k\u00f6nnen. Aufgrund der weiterhin unklaren Situation im DDB-Landesverband&nbsp;(LV) Schleswig-Holstein hat der DDB diesen Schritt vollzogen und garantiert, dass die Selbsthilfearbeit den Patienteninteressen folgend in [&hellip;]<\/p>\n","protected":false},"author":4,"featured_media":0,"comment_status":"open","ping_status":"closed","sticky":false,"template":"","format":"standard","meta":{"footnotes":""},"categories":[2],"tags":[591,24,4109,2330],"_links":{"self":[{"href":"https:\/\/www.diabsite.de\/diabetes-weblog\/wp-json\/wp\/v2\/posts\/31633"}],"collection":[{"href":"https:\/\/www.diabsite.de\/diabetes-weblog\/wp-json\/wp\/v2\/posts"}],"about":[{"href":"https:\/\/www.diabsite.de\/diabetes-weblog\/wp-json\/wp\/v2\/types\/post"}],"author":[{"embeddable":true,"href":"https:\/\/www.diabsite.de\/diabetes-weblog\/wp-json\/wp\/v2\/users\/4"}],"replies":[{"embeddable":true,"href":"https:\/\/www.diabsite.de\/diabetes-weblog\/wp-json\/wp\/v2\/comments?post=31633"}],"version-history":[{"count":4,"href":"https:\/\/www.diabsite.de\/diabetes-weblog\/wp-json\/wp\/v2\/posts\/31633\/revisions"}],"predecessor-version":[{"id":31637,"href":"https:\/\/www.diabsite.de\/diabetes-weblog\/wp-json\/wp\/v2\/posts\/31633\/revisions\/31637"}],"wp:attachment":[{"href":"https:\/\/www.diabsite.de\/diabetes-weblog\/wp-json\/wp\/v2\/media?parent=31633"}],"wp:term":[{"taxonomy":"category","embeddable":true,"href":"https:\/\/www.diabsite.de\/diabetes-weblog\/wp-json\/wp\/v2\/categories?post=31633"},{"taxonomy":"post_tag","embeddable":true,"href":"https:\/\/www.diabsite.de\/diabetes-weblog\/wp-json\/wp\/v2\/tags?post=31633"}],"curies":[{"name":"wp","href":"https:\/\/api.w.org\/{rel}","templated":true}]}}