{"id":31093,"date":"2014-07-09T20:10:13","date_gmt":"2014-07-09T18:10:13","guid":{"rendered":"http:\/\/www.diabsite.de\/diabetes-weblog\/?p=31093"},"modified":"2014-07-10T21:13:31","modified_gmt":"2014-07-10T19:13:31","slug":"un-gipfelkonferenz-zu-den-nichtuebertragbaren-krankheiten","status":"publish","type":"post","link":"https:\/\/www.diabsite.de\/diabetes-weblog\/2014\/07\/09\/un-gipfelkonferenz-zu-den-nichtuebertragbaren-krankheiten\/","title":{"rendered":"UN-Gipfelkonferenz zu den nicht\u00fcbertragbaren Krankheiten"},"content":{"rendered":"<p><a href=\"https:\/\/www.diabsite.de\/aktuelles\/nachrichten\/2014\/140709.html\" target=\"_blank\" class=\"ds\" title=\"zur Nachricht (neues Fenster)\"><img loading=\"lazy\" decoding=\"async\" class=\"alignright\" src=\"https:\/\/www.diabsite.de\/diabetes-weblog\/wp-content\/images\/2014\/140709.jpg\" width=\"120\" height=\"145\" alt=\"Dr. Dietrich Garlichs\" \/><\/a> Kommt die Bundesregierung ihren Verpflichtungen nach? Welche Fortschritte haben die Nationalstaaten im Kampf gegen Krebs, Herz-Kreislauferkrankungen und Diabetes gemacht? Dies wollen die Vereinten Nationen am 10.\/11.&nbsp;Juli&nbsp;2014 in New York bei einem Gipfeltreffen der Generalversammlung ermitteln&nbsp;&#8211; drei Jahre nach dem ersten UN-Gipfel zu den nicht\u00fcbertragbaren Krankheiten im Jahr&nbsp;2011. Auch Deutschland hat sich dem globalen Ziel verpflichtet, die vorzeitige Sterblichkeit durch nicht\u00fcbertragbare Krankheiten bis 2025 um 25&nbsp;Prozent zu senken sowie die Zunahme von <a href=\"https:\/\/www.diabsite.de\/infos\/lexikon\/index.html#adipositas\" target=\"_blank\" class=\"ds-lex\" title=\"neues Fenster\">Adipositas<\/a> und Diabetes zu stoppen. &#8222;Wir sind gespannt, welche Ma\u00dfnahmen die Bundesregierung darlegen wird, um diesen Verpflichtungen nachzukommen&#8220;, erkl\u00e4rt Dr.&nbsp;Dietrich Garlichs, Gesch\u00e4ftsf\u00fchrer der Deutschen Diabetes Gesellschaft&nbsp;(DDG). DDG und diabetesDE&nbsp;&#8211; Deutsche Diabetes-Hilfe, die an der UN-Konferenz teilnehmen, setzen sich f\u00fcr einen Nationalen Diabetesplan sowie die Einf\u00fchrung einer Zucker-Fettsteuer auf ungesunde Lebensmittel ein. <a href=\"https:\/\/www.diabsite.de\/aktuelles\/nachrichten\/2014\/140709.html\" target=\"_blank\" class=\"ds\" title=\"zur Nachricht (neues Fenster)\">Nachricht lesen<\/a><\/p>\n","protected":false},"excerpt":{"rendered":"<p>Kommt die Bundesregierung ihren Verpflichtungen nach? Welche Fortschritte haben die Nationalstaaten im Kampf gegen Krebs, Herz-Kreislauferkrankungen und Diabetes gemacht? Dies wollen die Vereinten Nationen am 10.\/11.&nbsp;Juli&nbsp;2014 in New York bei einem Gipfeltreffen der Generalversammlung ermitteln&nbsp;&#8211; drei Jahre nach dem ersten UN-Gipfel zu den nicht\u00fcbertragbaren Krankheiten im Jahr&nbsp;2011. Auch Deutschland hat sich dem globalen Ziel verpflichtet, [&hellip;]<\/p>\n","protected":false},"author":4,"featured_media":0,"comment_status":"open","ping_status":"closed","sticky":false,"template":"","format":"standard","meta":{"footnotes":""},"categories":[2],"tags":[50,339,24,3702,3938],"_links":{"self":[{"href":"https:\/\/www.diabsite.de\/diabetes-weblog\/wp-json\/wp\/v2\/posts\/31093"}],"collection":[{"href":"https:\/\/www.diabsite.de\/diabetes-weblog\/wp-json\/wp\/v2\/posts"}],"about":[{"href":"https:\/\/www.diabsite.de\/diabetes-weblog\/wp-json\/wp\/v2\/types\/post"}],"author":[{"embeddable":true,"href":"https:\/\/www.diabsite.de\/diabetes-weblog\/wp-json\/wp\/v2\/users\/4"}],"replies":[{"embeddable":true,"href":"https:\/\/www.diabsite.de\/diabetes-weblog\/wp-json\/wp\/v2\/comments?post=31093"}],"version-history":[{"count":4,"href":"https:\/\/www.diabsite.de\/diabetes-weblog\/wp-json\/wp\/v2\/posts\/31093\/revisions"}],"predecessor-version":[{"id":31098,"href":"https:\/\/www.diabsite.de\/diabetes-weblog\/wp-json\/wp\/v2\/posts\/31093\/revisions\/31098"}],"wp:attachment":[{"href":"https:\/\/www.diabsite.de\/diabetes-weblog\/wp-json\/wp\/v2\/media?parent=31093"}],"wp:term":[{"taxonomy":"category","embeddable":true,"href":"https:\/\/www.diabsite.de\/diabetes-weblog\/wp-json\/wp\/v2\/categories?post=31093"},{"taxonomy":"post_tag","embeddable":true,"href":"https:\/\/www.diabsite.de\/diabetes-weblog\/wp-json\/wp\/v2\/tags?post=31093"}],"curies":[{"name":"wp","href":"https:\/\/api.w.org\/{rel}","templated":true}]}}