{"id":31069,"date":"2014-07-06T19:09:49","date_gmt":"2014-07-06T17:09:49","guid":{"rendered":"http:\/\/www.diabsite.de\/diabetes-weblog\/?p=31069"},"modified":"2014-07-07T20:18:56","modified_gmt":"2014-07-07T18:18:56","slug":"diabetiker-vom-pranger-holen","status":"publish","type":"post","link":"https:\/\/www.diabsite.de\/diabetes-weblog\/2014\/07\/06\/diabetiker-vom-pranger-holen\/","title":{"rendered":"Diabetiker vom Pranger holen!"},"content":{"rendered":"<p>Das Diabetes TV greift soziale Frage auf: Die zweite Sendung von Das Diabetes TV zeigt, dass sich die Redaktion ihrem Grundsatz erneut stellt, mehr zu sein als die \u00fcblichen Ratgeber. Diese geben zwischen Salat, Fitness und Insulin dem Leser durch die Themenwahl oft das Gef\u00fchl der Schuld. Der Alleinschuld! So ist das zentrale Thema der &#8222;Sommersendung&#8220; die Frage nach der Verantwortung f\u00fcr die Erkrankung. Ist der Einzelne wirklich allein verantwortlich, so wie es h\u00e4ufig genug dargestellt wird? Beleuchtet man das Thema von allen Seiten, stellen sich schnell mehr als nur Zweifel ein. Da sind die Nahrungsmittelhersteller, die Genetik und auch die Politik mindestens ebenso in der Verantwortung wie die \u00fcblichen Verd\u00e4chtigen, n\u00e4mlich die Diabetiker. <a href=\"https:\/\/www.diabsite.de\/aktuelles\/nachrichten\/2014\/140706.html\" target=\"_blank\" class=\"ds\" title=\"zur Nachricht (neues Fenster)\">Nachricht lesen<\/a><\/p>\n","protected":false},"excerpt":{"rendered":"<p>Das Diabetes TV greift soziale Frage auf: Die zweite Sendung von Das Diabetes TV zeigt, dass sich die Redaktion ihrem Grundsatz erneut stellt, mehr zu sein als die \u00fcblichen Ratgeber. Diese geben zwischen Salat, Fitness und Insulin dem Leser durch die Themenwahl oft das Gef\u00fchl der Schuld. Der Alleinschuld! So ist das zentrale Thema der [&hellip;]<\/p>\n","protected":false},"author":4,"featured_media":0,"comment_status":"open","ping_status":"closed","sticky":false,"template":"","format":"standard","meta":{"footnotes":""},"categories":[2],"tags":[1638,30,145,3929,3930],"_links":{"self":[{"href":"https:\/\/www.diabsite.de\/diabetes-weblog\/wp-json\/wp\/v2\/posts\/31069"}],"collection":[{"href":"https:\/\/www.diabsite.de\/diabetes-weblog\/wp-json\/wp\/v2\/posts"}],"about":[{"href":"https:\/\/www.diabsite.de\/diabetes-weblog\/wp-json\/wp\/v2\/types\/post"}],"author":[{"embeddable":true,"href":"https:\/\/www.diabsite.de\/diabetes-weblog\/wp-json\/wp\/v2\/users\/4"}],"replies":[{"embeddable":true,"href":"https:\/\/www.diabsite.de\/diabetes-weblog\/wp-json\/wp\/v2\/comments?post=31069"}],"version-history":[{"count":2,"href":"https:\/\/www.diabsite.de\/diabetes-weblog\/wp-json\/wp\/v2\/posts\/31069\/revisions"}],"predecessor-version":[{"id":31071,"href":"https:\/\/www.diabsite.de\/diabetes-weblog\/wp-json\/wp\/v2\/posts\/31069\/revisions\/31071"}],"wp:attachment":[{"href":"https:\/\/www.diabsite.de\/diabetes-weblog\/wp-json\/wp\/v2\/media?parent=31069"}],"wp:term":[{"taxonomy":"category","embeddable":true,"href":"https:\/\/www.diabsite.de\/diabetes-weblog\/wp-json\/wp\/v2\/categories?post=31069"},{"taxonomy":"post_tag","embeddable":true,"href":"https:\/\/www.diabsite.de\/diabetes-weblog\/wp-json\/wp\/v2\/tags?post=31069"}],"curies":[{"name":"wp","href":"https:\/\/api.w.org\/{rel}","templated":true}]}}