{"id":30972,"date":"2014-06-27T11:48:32","date_gmt":"2014-06-27T09:48:32","guid":{"rendered":"http:\/\/www.diabsite.de\/diabetes-weblog\/?p=30972"},"modified":"2014-06-27T19:37:47","modified_gmt":"2014-06-27T17:37:47","slug":"diabetes-organisationen-appellieren-an-die-gesundheitsminister-der-laender","status":"publish","type":"post","link":"https:\/\/www.diabsite.de\/diabetes-weblog\/2014\/06\/27\/diabetes-organisationen-appellieren-an-die-gesundheitsminister-der-laender\/","title":{"rendered":"Diabetes-Organisationen appellieren an die Gesundheitsminister der L\u00e4nder"},"content":{"rendered":"<p>Es k\u00f6nnte ein knappes Rennen werden um die Bundesratsinitiative f\u00fcr einen Nationalen Diabetesplan: L\u00e4ndern mit konservativer Regierung scheint der Antrag der bef\u00fcrwortenden Bundesl\u00e4nder Schleswig-Holstein, Baden-W\u00fcrttemberg, Niedersachsen, Mecklenburg-Vorpommern und Th\u00fcringen zu sozialdemokratisch eingef\u00e4rbt zu sein. Die deutsche Diabetologie appelliert deshalb an die Gesundheitsminister der L\u00e4nder, die gestern und heute in Hamburg zur Gesundheitsministerkonferenz zusammengekommen sind, sich darauf zu verst\u00e4ndigen, diese Initiative im Interesse der Betroffenen gemeinsam zu tragen. <a href=\"https:\/\/www.diabsite.de\/aktuelles\/nachrichten\/2014\/140627.html\" target=\"_blank\" class=\"ds\" title=\"zur Nachricht (neues Fenster)\">Nachricht lesen<\/a><\/p>\n","protected":false},"excerpt":{"rendered":"<p>Es k\u00f6nnte ein knappes Rennen werden um die Bundesratsinitiative f\u00fcr einen Nationalen Diabetesplan: L\u00e4ndern mit konservativer Regierung scheint der Antrag der bef\u00fcrwortenden Bundesl\u00e4nder Schleswig-Holstein, Baden-W\u00fcrttemberg, Niedersachsen, Mecklenburg-Vorpommern und Th\u00fcringen zu sozialdemokratisch eingef\u00e4rbt zu sein. Die deutsche Diabetologie appelliert deshalb an die Gesundheitsminister der L\u00e4nder, die gestern und heute in Hamburg zur Gesundheitsministerkonferenz zusammengekommen sind, sich [&hellip;]<\/p>\n","protected":false},"author":4,"featured_media":0,"comment_status":"open","ping_status":"closed","sticky":false,"template":"","format":"standard","meta":{"footnotes":""},"categories":[2],"tags":[3892,3889,3890,3891,3351],"_links":{"self":[{"href":"https:\/\/www.diabsite.de\/diabetes-weblog\/wp-json\/wp\/v2\/posts\/30972"}],"collection":[{"href":"https:\/\/www.diabsite.de\/diabetes-weblog\/wp-json\/wp\/v2\/posts"}],"about":[{"href":"https:\/\/www.diabsite.de\/diabetes-weblog\/wp-json\/wp\/v2\/types\/post"}],"author":[{"embeddable":true,"href":"https:\/\/www.diabsite.de\/diabetes-weblog\/wp-json\/wp\/v2\/users\/4"}],"replies":[{"embeddable":true,"href":"https:\/\/www.diabsite.de\/diabetes-weblog\/wp-json\/wp\/v2\/comments?post=30972"}],"version-history":[{"count":4,"href":"https:\/\/www.diabsite.de\/diabetes-weblog\/wp-json\/wp\/v2\/posts\/30972\/revisions"}],"predecessor-version":[{"id":30982,"href":"https:\/\/www.diabsite.de\/diabetes-weblog\/wp-json\/wp\/v2\/posts\/30972\/revisions\/30982"}],"wp:attachment":[{"href":"https:\/\/www.diabsite.de\/diabetes-weblog\/wp-json\/wp\/v2\/media?parent=30972"}],"wp:term":[{"taxonomy":"category","embeddable":true,"href":"https:\/\/www.diabsite.de\/diabetes-weblog\/wp-json\/wp\/v2\/categories?post=30972"},{"taxonomy":"post_tag","embeddable":true,"href":"https:\/\/www.diabsite.de\/diabetes-weblog\/wp-json\/wp\/v2\/tags?post=30972"}],"curies":[{"name":"wp","href":"https:\/\/api.w.org\/{rel}","templated":true}]}}