{"id":30753,"date":"2014-06-10T16:49:30","date_gmt":"2014-06-10T14:49:30","guid":{"rendered":"http:\/\/www.diabsite.de\/diabetes-weblog\/?p=30753"},"modified":"2014-06-10T19:02:20","modified_gmt":"2014-06-10T17:02:20","slug":"diabetes-organisationen-begruessen-bundesratsinitiative","status":"publish","type":"post","link":"https:\/\/www.diabsite.de\/diabetes-weblog\/2014\/06\/10\/diabetes-organisationen-begruessen-bundesratsinitiative\/","title":{"rendered":"Diabetes-Organisationen begr\u00fc\u00dfen Bundesratsinitiative"},"content":{"rendered":"<p>Auf Initiative des Schleswig-Holsteinischen Landtags befasst sich der Bundesrat voraussichtlich noch diese Woche mit einer Bundesratsinitiative f\u00fcr einen Nationalen Diabetesplan. Vorangegangen waren intensive Gespr\u00e4che der Gesundheitsminister\/innen der L\u00e4nder, oft auch unter Einbeziehung regionaler Diabetes- und Gesundheitsexperten. Mitantragsteller sind die Bundesl\u00e4nder Baden-W\u00fcrttemberg, Hamburg, Mecklenburg-Vorpommern und Th\u00fcringen. <a href=\"https:\/\/www.diabsite.de\/aktuelles\/nachrichten\/2014\/140610.html\" target=\"_blank\" class=\"ds\" title=\"zur Nachricht (neues Fenster)\">Nachricht lesen<\/a><\/p>\n","protected":false},"excerpt":{"rendered":"<p>Auf Initiative des Schleswig-Holsteinischen Landtags befasst sich der Bundesrat voraussichtlich noch diese Woche mit einer Bundesratsinitiative f\u00fcr einen Nationalen Diabetesplan. Vorangegangen waren intensive Gespr\u00e4che der Gesundheitsminister\/innen der L\u00e4nder, oft auch unter Einbeziehung regionaler Diabetes- und Gesundheitsexperten. Mitantragsteller sind die Bundesl\u00e4nder Baden-W\u00fcrttemberg, Hamburg, Mecklenburg-Vorpommern und Th\u00fcringen. Nachricht lesen<\/p>\n","protected":false},"author":4,"featured_media":0,"comment_status":"open","ping_status":"closed","sticky":false,"template":"","format":"standard","meta":{"footnotes":""},"categories":[2],"tags":[71,1553,806,10422,3351,3486],"_links":{"self":[{"href":"https:\/\/www.diabsite.de\/diabetes-weblog\/wp-json\/wp\/v2\/posts\/30753"}],"collection":[{"href":"https:\/\/www.diabsite.de\/diabetes-weblog\/wp-json\/wp\/v2\/posts"}],"about":[{"href":"https:\/\/www.diabsite.de\/diabetes-weblog\/wp-json\/wp\/v2\/types\/post"}],"author":[{"embeddable":true,"href":"https:\/\/www.diabsite.de\/diabetes-weblog\/wp-json\/wp\/v2\/users\/4"}],"replies":[{"embeddable":true,"href":"https:\/\/www.diabsite.de\/diabetes-weblog\/wp-json\/wp\/v2\/comments?post=30753"}],"version-history":[{"count":3,"href":"https:\/\/www.diabsite.de\/diabetes-weblog\/wp-json\/wp\/v2\/posts\/30753\/revisions"}],"predecessor-version":[{"id":30760,"href":"https:\/\/www.diabsite.de\/diabetes-weblog\/wp-json\/wp\/v2\/posts\/30753\/revisions\/30760"}],"wp:attachment":[{"href":"https:\/\/www.diabsite.de\/diabetes-weblog\/wp-json\/wp\/v2\/media?parent=30753"}],"wp:term":[{"taxonomy":"category","embeddable":true,"href":"https:\/\/www.diabsite.de\/diabetes-weblog\/wp-json\/wp\/v2\/categories?post=30753"},{"taxonomy":"post_tag","embeddable":true,"href":"https:\/\/www.diabsite.de\/diabetes-weblog\/wp-json\/wp\/v2\/tags?post=30753"}],"curies":[{"name":"wp","href":"https:\/\/api.w.org\/{rel}","templated":true}]}}