{"id":3037,"date":"2008-12-24T16:30:13","date_gmt":"2008-12-24T15:30:13","guid":{"rendered":"http:\/\/www.diabsite.de\/diabetes-weblog\/2008\/12\/24\/wo-man-sich-2009-in-sachen-diabetes-trifft\/"},"modified":"2008-12-24T18:30:51","modified_gmt":"2008-12-24T17:30:51","slug":"wo-man-sich-2009-in-sachen-diabetes-trifft","status":"publish","type":"post","link":"https:\/\/www.diabsite.de\/diabetes-weblog\/2008\/12\/24\/wo-man-sich-2009-in-sachen-diabetes-trifft\/","title":{"rendered":"Wo man sich 2009 in Sachen Diabetes trifft"},"content":{"rendered":"<p>Der Diabetes-Kalender auf DiabSite informiert Diabetiker und Diabetes-Experten seit M\u00e4rz 2000 \u00fcber Treffen von Selbsthilfegruppen, nationale und internationale Kongresse, Diabetikertage und andere Veranstaltungen &#8211; zum Beispiel:<\/p>\n<p>&#8211; 06.01.2009 &#8211; <strong>H\u00f6chst im Odenwald<\/strong>&nbsp;&#8211; Diabetes f\u00fcr Einsteiger<br \/>\n&#8211; 02.02.2009 &#8211; <strong>Oberwart, \u00d6sterreich<\/strong>&nbsp;&#8211; Warum Blutzucker messen und Tagebuch f\u00fchren?<br \/>\n&#8211; 03.03.2008 &#8211; <strong>M\u00fcnnerstadt<\/strong>&nbsp;&#8211; Zahngesundheit und Diabetes<\/p>\n<p>Sie m\u00f6chten auch einen Termin ank\u00fcndigen, der f\u00fcr Menschen mit Diabetes interessant sein k\u00f6nnte? Daf\u00fcr gibt es auf der \u00dcberblicksseite <a href=\"https:\/\/www.diabsite.de\/aktuelles\/termine\/index.html\" target=\"_blank\" class=\"extern\" title=\"neues Fenster\">Termine<\/a> ein Formular! Gerne nehmen wir auch Ihre Treffen, Symposien oder Kongresse in den Diabetes-Kalender der DiabSite auf, denn der Informations- und Erfahrungsaustausch ist f\u00fcr Diabetes-Experten wie f\u00fcr Diabetiker immer wieder interessant und wichtig.<\/p>\n","protected":false},"excerpt":{"rendered":"<p>Der Diabetes-Kalender auf DiabSite informiert Diabetiker und Diabetes-Experten seit M\u00e4rz 2000 \u00fcber Treffen von Selbsthilfegruppen, nationale und internationale Kongresse, Diabetikertage und andere Veranstaltungen &#8211; zum Beispiel: &#8211; 06.01.2009 &#8211; H\u00f6chst im Odenwald&nbsp;&#8211; Diabetes f\u00fcr Einsteiger &#8211; 02.02.2009 &#8211; Oberwart, \u00d6sterreich&nbsp;&#8211; Warum Blutzucker messen und Tagebuch f\u00fchren? &#8211; 03.03.2008 &#8211; M\u00fcnnerstadt&nbsp;&#8211; Zahngesundheit und Diabetes Sie m\u00f6chten [&hellip;]<\/p>\n","protected":false},"author":4,"featured_media":0,"comment_status":"closed","ping_status":"open","sticky":false,"template":"","format":"standard","meta":{"footnotes":""},"categories":[1],"tags":[],"_links":{"self":[{"href":"https:\/\/www.diabsite.de\/diabetes-weblog\/wp-json\/wp\/v2\/posts\/3037"}],"collection":[{"href":"https:\/\/www.diabsite.de\/diabetes-weblog\/wp-json\/wp\/v2\/posts"}],"about":[{"href":"https:\/\/www.diabsite.de\/diabetes-weblog\/wp-json\/wp\/v2\/types\/post"}],"author":[{"embeddable":true,"href":"https:\/\/www.diabsite.de\/diabetes-weblog\/wp-json\/wp\/v2\/users\/4"}],"replies":[{"embeddable":true,"href":"https:\/\/www.diabsite.de\/diabetes-weblog\/wp-json\/wp\/v2\/comments?post=3037"}],"version-history":[{"count":0,"href":"https:\/\/www.diabsite.de\/diabetes-weblog\/wp-json\/wp\/v2\/posts\/3037\/revisions"}],"wp:attachment":[{"href":"https:\/\/www.diabsite.de\/diabetes-weblog\/wp-json\/wp\/v2\/media?parent=3037"}],"wp:term":[{"taxonomy":"category","embeddable":true,"href":"https:\/\/www.diabsite.de\/diabetes-weblog\/wp-json\/wp\/v2\/categories?post=3037"},{"taxonomy":"post_tag","embeddable":true,"href":"https:\/\/www.diabsite.de\/diabetes-weblog\/wp-json\/wp\/v2\/tags?post=3037"}],"curies":[{"name":"wp","href":"https:\/\/api.w.org\/{rel}","templated":true}]}}