{"id":28094,"date":"2013-12-17T16:52:24","date_gmt":"2013-12-17T15:52:24","guid":{"rendered":"http:\/\/www.diabsite.de\/diabetes-weblog\/?p=28094"},"modified":"2013-12-17T16:52:24","modified_gmt":"2013-12-17T15:52:24","slug":"hermann-grohe-zum-bundesminister-fur-gesundheit-ernannt","status":"publish","type":"post","link":"https:\/\/www.diabsite.de\/diabetes-weblog\/2013\/12\/17\/hermann-grohe-zum-bundesminister-fur-gesundheit-ernannt\/","title":{"rendered":"Hermann Gr\u00f6he zum Bundesminister f\u00fcr Gesundheit ernannt"},"content":{"rendered":"<p><a href=\"https:\/\/www.diabsite.de\/aktuelles\/nachrichten\/2013\/131217.html\" target=\"_blank\" class=\"ds\" title=\"zur Nachricht (neues Fenster)\"><img loading=\"lazy\" decoding=\"async\" class=\"alignright\" src=\"https:\/\/www.diabsite.de\/diabetes-weblog\/wp-content\/images\/2013\/131217.jpg\" width=\"120\" height=\"159\" alt=\"Bundesgesundheitsminister Hermann Gr\u00f6he\" \/><\/a> Sein Team steht: Annette Widmann-Mauz und Ingrid Fischbach sind Parlamentarische Staatssekret\u00e4rinnen&nbsp;&#8211; Sozialpolitiker Karl-Josef Laumann wird als Staatssekret\u00e4r Patienten- und Pflegebeauftragter. Bundespr\u00e4sident Joachim Gauck hat heute den bisherigen Generalsekret\u00e4r der CDU Deutschlands, Hermann Gr\u00f6he, zum Bundesminister f\u00fcr Gesundheit im Kabinett von Bundeskanzlerin Angela Merkel ernannt. Sp\u00e4ter erfolgte die Vereidigung im Deutschen Bundestag. Minister Gr\u00f6he wird damit Nachfolger von Daniel Bahr&nbsp;(FDP), der seit Mai&nbsp;2011 Bundesgesundheitsminister war. <a href=\"https:\/\/www.diabsite.de\/aktuelles\/nachrichten\/2013\/131217.html\" target=\"_blank\" class=\"ds\" title=\"zur Nachricht (neues Fenster)\">Nachricht lesen<\/a><\/p>\n","protected":false},"excerpt":{"rendered":"<p>Sein Team steht: Annette Widmann-Mauz und Ingrid Fischbach sind Parlamentarische Staatssekret\u00e4rinnen&nbsp;&#8211; Sozialpolitiker Karl-Josef Laumann wird als Staatssekret\u00e4r Patienten- und Pflegebeauftragter. Bundespr\u00e4sident Joachim Gauck hat heute den bisherigen Generalsekret\u00e4r der CDU Deutschlands, Hermann Gr\u00f6he, zum Bundesminister f\u00fcr Gesundheit im Kabinett von Bundeskanzlerin Angela Merkel ernannt. Sp\u00e4ter erfolgte die Vereidigung im Deutschen Bundestag. Minister Gr\u00f6he wird damit [&hellip;]<\/p>\n","protected":false},"author":4,"featured_media":0,"comment_status":"open","ping_status":"closed","sticky":false,"template":"","format":"standard","meta":{"footnotes":""},"categories":[2],"tags":[3028,3026,3025,3024,3029,3030,3027],"_links":{"self":[{"href":"https:\/\/www.diabsite.de\/diabetes-weblog\/wp-json\/wp\/v2\/posts\/28094"}],"collection":[{"href":"https:\/\/www.diabsite.de\/diabetes-weblog\/wp-json\/wp\/v2\/posts"}],"about":[{"href":"https:\/\/www.diabsite.de\/diabetes-weblog\/wp-json\/wp\/v2\/types\/post"}],"author":[{"embeddable":true,"href":"https:\/\/www.diabsite.de\/diabetes-weblog\/wp-json\/wp\/v2\/users\/4"}],"replies":[{"embeddable":true,"href":"https:\/\/www.diabsite.de\/diabetes-weblog\/wp-json\/wp\/v2\/comments?post=28094"}],"version-history":[{"count":5,"href":"https:\/\/www.diabsite.de\/diabetes-weblog\/wp-json\/wp\/v2\/posts\/28094\/revisions"}],"predecessor-version":[{"id":28099,"href":"https:\/\/www.diabsite.de\/diabetes-weblog\/wp-json\/wp\/v2\/posts\/28094\/revisions\/28099"}],"wp:attachment":[{"href":"https:\/\/www.diabsite.de\/diabetes-weblog\/wp-json\/wp\/v2\/media?parent=28094"}],"wp:term":[{"taxonomy":"category","embeddable":true,"href":"https:\/\/www.diabsite.de\/diabetes-weblog\/wp-json\/wp\/v2\/categories?post=28094"},{"taxonomy":"post_tag","embeddable":true,"href":"https:\/\/www.diabsite.de\/diabetes-weblog\/wp-json\/wp\/v2\/tags?post=28094"}],"curies":[{"name":"wp","href":"https:\/\/api.w.org\/{rel}","templated":true}]}}