{"id":27989,"date":"2013-12-07T19:28:55","date_gmt":"2013-12-07T18:28:55","guid":{"rendered":"http:\/\/www.diabsite.de\/diabetes-weblog\/?p=27989"},"modified":"2013-12-08T11:48:39","modified_gmt":"2013-12-08T10:48:39","slug":"diabetiker-sollten-in-der-adventszeit-auch-mal-an-sich-selbst-denken-8","status":"publish","type":"post","link":"https:\/\/www.diabsite.de\/diabetes-weblog\/2013\/12\/07\/diabetiker-sollten-in-der-adventszeit-auch-mal-an-sich-selbst-denken-8\/","title":{"rendered":"Diabetiker sollten in der Adventszeit auch mal an sich selbst denken"},"content":{"rendered":"<p>Jetzt ist der Terminkalender randvoll. Weihnachtsfeiern, Vorbereitungen f\u00fcrs Fest und all die Dinge, die vor Jahresfrist zu erledigen sind, stehen in diesen Tagen an, weil viele Unternehmen und Arztpraxen zwischen den Jahren geschlossen haben. Diabetiker sollten dennoch hin und wieder Zeit f\u00fcr sich selbst einplanen und \u00fcber dem Stress ihren Diabetes nicht vernachl\u00e4ssigen. Wo ginge dies besser, als mit anderen Diabetikern oder Diabetes-Interessierten &#8211; bei einem gem\u00fctlichen Beisammensein, einer Weihnachtsfeier oder einer Info-Veranstaltung? Welche Veranstaltungen wann, wo und zu welchem Thema stattfinden, sagt Ihnen der gro\u00dfe <a href=\"https:\/\/www.diabsite.de\/aktuelles\/termine\/index.html\" target=\"_blank\" class=\"ds\" title=\"neues Fenster\">DiabSite Diabetes-Kalender<\/a>. Bei rund 160&nbsp;Terminen im Dezember und schon 400 f\u00fcr das Jahr&nbsp;2014 ist f\u00fcr jeden etwas dabei.<\/p>\n<p>&#8211; 15.12.2013 &#8211; <strong>Birenbach<\/strong> &#8211; Adventsfeier des Diabetiker-Treffs<br \/>\n&#8211; 09.01.2014 &#8211; <strong>Trebur<\/strong> &#8211; Erfahrungsaustausch Diabetes evtl. Vortrag<br \/>\n&#8211; 13.02.2014 &#8211; <strong>M\u00fcnchen<\/strong> &#8211; Erfahrungsaustausch Diabetes<\/p>\n<p>Sie m\u00f6chten einen Termin f\u00fcr Diabetiker oder Experten ank\u00fcndigen? Daf\u00fcr gibt es auf dem Diabetes-Portal DiabSite ein <a href=\"https:\/\/www.diabsite.de\/aktuelles\/termine\/termin-eintragen.html\" target=\"_blank\" class=\"ds\" title=\"neues Fenster\">Formular<\/a>. Au\u00dferdem k\u00f6nnen uns Selbsthilfegruppen ihr Programm f\u00fcr 2014 per Post zusenden. Gerne nehmen wir Ihre Veranstaltungen in unseren Diabetes-Kalender auf.<\/p>\n","protected":false},"excerpt":{"rendered":"<p>Jetzt ist der Terminkalender randvoll. Weihnachtsfeiern, Vorbereitungen f\u00fcrs Fest und all die Dinge, die vor Jahresfrist zu erledigen sind, stehen in diesen Tagen an, weil viele Unternehmen und Arztpraxen zwischen den Jahren geschlossen haben. Diabetiker sollten dennoch hin und wieder Zeit f\u00fcr sich selbst einplanen und \u00fcber dem Stress ihren Diabetes nicht vernachl\u00e4ssigen. Wo ginge [&hellip;]<\/p>\n","protected":false},"author":4,"featured_media":0,"comment_status":"open","ping_status":"closed","sticky":false,"template":"","format":"standard","meta":{"footnotes":""},"categories":[1],"tags":[1370,30,81,2989],"_links":{"self":[{"href":"https:\/\/www.diabsite.de\/diabetes-weblog\/wp-json\/wp\/v2\/posts\/27989"}],"collection":[{"href":"https:\/\/www.diabsite.de\/diabetes-weblog\/wp-json\/wp\/v2\/posts"}],"about":[{"href":"https:\/\/www.diabsite.de\/diabetes-weblog\/wp-json\/wp\/v2\/types\/post"}],"author":[{"embeddable":true,"href":"https:\/\/www.diabsite.de\/diabetes-weblog\/wp-json\/wp\/v2\/users\/4"}],"replies":[{"embeddable":true,"href":"https:\/\/www.diabsite.de\/diabetes-weblog\/wp-json\/wp\/v2\/comments?post=27989"}],"version-history":[{"count":6,"href":"https:\/\/www.diabsite.de\/diabetes-weblog\/wp-json\/wp\/v2\/posts\/27989\/revisions"}],"predecessor-version":[{"id":27995,"href":"https:\/\/www.diabsite.de\/diabetes-weblog\/wp-json\/wp\/v2\/posts\/27989\/revisions\/27995"}],"wp:attachment":[{"href":"https:\/\/www.diabsite.de\/diabetes-weblog\/wp-json\/wp\/v2\/media?parent=27989"}],"wp:term":[{"taxonomy":"category","embeddable":true,"href":"https:\/\/www.diabsite.de\/diabetes-weblog\/wp-json\/wp\/v2\/categories?post=27989"},{"taxonomy":"post_tag","embeddable":true,"href":"https:\/\/www.diabsite.de\/diabetes-weblog\/wp-json\/wp\/v2\/tags?post=27989"}],"curies":[{"name":"wp","href":"https:\/\/api.w.org\/{rel}","templated":true}]}}