{"id":2795,"date":"2008-09-25T15:54:12","date_gmt":"2008-09-25T13:54:12","guid":{"rendered":"http:\/\/www.diabsite.de\/diabetes-weblog\/2008\/09\/25\/mehrwertsteuersenkung-auf-arzneimittel-in-osterreich-wann-folgt-detuschland\/"},"modified":"2008-09-25T23:30:23","modified_gmt":"2008-09-25T21:30:23","slug":"mehrwertsteuersenkung-auf-arzneimittel-in-osterreich-wann-folgt-deutschland","status":"publish","type":"post","link":"https:\/\/www.diabsite.de\/diabetes-weblog\/2008\/09\/25\/mehrwertsteuersenkung-auf-arzneimittel-in-osterreich-wann-folgt-deutschland\/","title":{"rendered":"Mehrwertsteuersenkung auf Arzneimittel in \u00d6sterreich&nbsp;&#8211; Wann folgt Deutschland?"},"content":{"rendered":"<p>Zum gestrigen Beschluss des \u00f6sterreichischen Parlaments die Mehrwertsteuer auf Medikamente von&nbsp;20 auf 10&nbsp;Prozent zu halbieren, erkl\u00e4rte heute Henning Fahrenkamp, Hauptgesch\u00e4ftsf\u00fchrer des Bundesverbandes der Pharmazeutischen Industrie&nbsp;(BPI): &#8222;Unser \u00f6sterreichischer Nachbar ist schon einen Schritt weiter.&#8220; Der Verband vertritt die Auffassung, dass das deutsche Parlament gut daran t\u00e4te, sich ein Beispiel an \u00d6sterreich zu nehmen und sich endlich auch mit dieser Frage ernsthaft zu besch\u00e4ftigen. <a href=\"https:\/\/www.diabsite.de\/aktuelles\/nachrichten\/2008\/080925b.html\" title=\"zur Nachricht\" target=\"_blank\">Nachricht lesen<\/a><\/p>\n","protected":false},"excerpt":{"rendered":"<p>Zum gestrigen Beschluss des \u00f6sterreichischen Parlaments die Mehrwertsteuer auf Medikamente von&nbsp;20 auf 10&nbsp;Prozent zu halbieren, erkl\u00e4rte heute Henning Fahrenkamp, Hauptgesch\u00e4ftsf\u00fchrer des Bundesverbandes der Pharmazeutischen Industrie&nbsp;(BPI): &#8222;Unser \u00f6sterreichischer Nachbar ist schon einen Schritt weiter.&#8220; Der Verband vertritt die Auffassung, dass das deutsche Parlament gut daran t\u00e4te, sich ein Beispiel an \u00d6sterreich zu nehmen und sich endlich [&hellip;]<\/p>\n","protected":false},"author":4,"featured_media":0,"comment_status":"closed","ping_status":"open","sticky":false,"template":"","format":"standard","meta":{"footnotes":""},"categories":[2],"tags":[],"_links":{"self":[{"href":"https:\/\/www.diabsite.de\/diabetes-weblog\/wp-json\/wp\/v2\/posts\/2795"}],"collection":[{"href":"https:\/\/www.diabsite.de\/diabetes-weblog\/wp-json\/wp\/v2\/posts"}],"about":[{"href":"https:\/\/www.diabsite.de\/diabetes-weblog\/wp-json\/wp\/v2\/types\/post"}],"author":[{"embeddable":true,"href":"https:\/\/www.diabsite.de\/diabetes-weblog\/wp-json\/wp\/v2\/users\/4"}],"replies":[{"embeddable":true,"href":"https:\/\/www.diabsite.de\/diabetes-weblog\/wp-json\/wp\/v2\/comments?post=2795"}],"version-history":[{"count":0,"href":"https:\/\/www.diabsite.de\/diabetes-weblog\/wp-json\/wp\/v2\/posts\/2795\/revisions"}],"wp:attachment":[{"href":"https:\/\/www.diabsite.de\/diabetes-weblog\/wp-json\/wp\/v2\/media?parent=2795"}],"wp:term":[{"taxonomy":"category","embeddable":true,"href":"https:\/\/www.diabsite.de\/diabetes-weblog\/wp-json\/wp\/v2\/categories?post=2795"},{"taxonomy":"post_tag","embeddable":true,"href":"https:\/\/www.diabsite.de\/diabetes-weblog\/wp-json\/wp\/v2\/tags?post=2795"}],"curies":[{"name":"wp","href":"https:\/\/api.w.org\/{rel}","templated":true}]}}