{"id":2793,"date":"2008-09-24T00:06:25","date_gmt":"2008-09-23T22:06:25","guid":{"rendered":"http:\/\/www.diabsite.de\/diabetes-weblog\/2008\/09\/24\/termine-aus-dem-diabsite-diabetes-kalender-7\/"},"modified":"2008-09-24T00:06:21","modified_gmt":"2008-09-23T22:06:21","slug":"termine-aus-dem-diabsite-diabetes-kalender-7","status":"publish","type":"post","link":"https:\/\/www.diabsite.de\/diabetes-weblog\/2008\/09\/24\/termine-aus-dem-diabsite-diabetes-kalender-7\/","title":{"rendered":"Termine aus dem DiabSite-Diabetes-Kalender"},"content":{"rendered":"<p>Veranstaltungshinweise suchen und finden Diabetiker ebenso wie Experten auf der DiabSite. Im gro\u00dfen Diabetes-Kalender sind Diabetikertage, Treffen von Selbsthilfegruppen, Kongresse und Symposien notiert. Regelm\u00e4\u00dfig stellen wir hier drei Termine f\u00fcr Diabetes-Interessierte vor:<br \/>\n01.10.2008 &#8211; <strong>Werne<\/strong>&nbsp;&#8211; Podologische Fu\u00dfpflege und diabetesgerechtes Schuhwerk.<br \/>\n03.11.2008 &#8211; <strong>Oberwart, \u00d6sterreich<\/strong>&nbsp;&#8211; Diabetes und das Auge.<br \/>\n01.12.2008 &#8211; <strong>Bielefeld<\/strong>&nbsp;&#8211; Diabetikertreffen f\u00fcr Typ-1- und insulinpflichtige Diabetiker.<br \/>\nDiese und jede Menge weitere <a href=\"https:\/\/www.diabsite.de\/aktuelles\/termine\/index.html\" target=\"_blank\" title=\"zur \u00dcberblicksseite Termine\">Termine<\/a> in unserem Diabetes-Kalender zeigen, wo sich Diabetes-Interessierte treffen. Die DiabSite h\u00e4lt Sie in Sachen Diabetes stets auf dem Laufenden!<\/p>\n","protected":false},"excerpt":{"rendered":"<p>Veranstaltungshinweise suchen und finden Diabetiker ebenso wie Experten auf der DiabSite. Im gro\u00dfen Diabetes-Kalender sind Diabetikertage, Treffen von Selbsthilfegruppen, Kongresse und Symposien notiert. Regelm\u00e4\u00dfig stellen wir hier drei Termine f\u00fcr Diabetes-Interessierte vor: 01.10.2008 &#8211; Werne&nbsp;&#8211; Podologische Fu\u00dfpflege und diabetesgerechtes Schuhwerk. 03.11.2008 &#8211; Oberwart, \u00d6sterreich&nbsp;&#8211; Diabetes und das Auge. 01.12.2008 &#8211; Bielefeld&nbsp;&#8211; Diabetikertreffen f\u00fcr Typ-1- und [&hellip;]<\/p>\n","protected":false},"author":4,"featured_media":0,"comment_status":"closed","ping_status":"open","sticky":false,"template":"","format":"standard","meta":{"footnotes":""},"categories":[1],"tags":[],"_links":{"self":[{"href":"https:\/\/www.diabsite.de\/diabetes-weblog\/wp-json\/wp\/v2\/posts\/2793"}],"collection":[{"href":"https:\/\/www.diabsite.de\/diabetes-weblog\/wp-json\/wp\/v2\/posts"}],"about":[{"href":"https:\/\/www.diabsite.de\/diabetes-weblog\/wp-json\/wp\/v2\/types\/post"}],"author":[{"embeddable":true,"href":"https:\/\/www.diabsite.de\/diabetes-weblog\/wp-json\/wp\/v2\/users\/4"}],"replies":[{"embeddable":true,"href":"https:\/\/www.diabsite.de\/diabetes-weblog\/wp-json\/wp\/v2\/comments?post=2793"}],"version-history":[{"count":0,"href":"https:\/\/www.diabsite.de\/diabetes-weblog\/wp-json\/wp\/v2\/posts\/2793\/revisions"}],"wp:attachment":[{"href":"https:\/\/www.diabsite.de\/diabetes-weblog\/wp-json\/wp\/v2\/media?parent=2793"}],"wp:term":[{"taxonomy":"category","embeddable":true,"href":"https:\/\/www.diabsite.de\/diabetes-weblog\/wp-json\/wp\/v2\/categories?post=2793"},{"taxonomy":"post_tag","embeddable":true,"href":"https:\/\/www.diabsite.de\/diabetes-weblog\/wp-json\/wp\/v2\/tags?post=2793"}],"curies":[{"name":"wp","href":"https:\/\/api.w.org\/{rel}","templated":true}]}}