{"id":2787,"date":"2008-09-22T19:39:46","date_gmt":"2008-09-22T17:39:46","guid":{"rendered":"http:\/\/www.diabsite.de\/diabetes-weblog\/2008\/09\/22\/diabetiker-appellieren-an-politiker\/"},"modified":"2008-09-23T23:01:46","modified_gmt":"2008-09-23T21:01:46","slug":"diabetiker-appellieren-an-politiker","status":"publish","type":"post","link":"https:\/\/www.diabsite.de\/diabetes-weblog\/2008\/09\/22\/diabetiker-appellieren-an-politiker\/","title":{"rendered":"Diabetiker appellieren an Politiker"},"content":{"rendered":"<p>Die 8000 Besucher des Deutschen Diabetiker Tages am 20. September in Kassel richten einm\u00fctig ihren Willen und ihren Anspruch an alle, die in Deutschland gesundheitspolitische Verantwortung tragen: Selbstbestimmtes Leben mir Diabetes&nbsp;&#8230; F\u00fcr alle! Entscheidungen \u00fcber uns als Diabetiker und alle chronisch kranken Menschen m\u00fcssen mit uns getroffen werden, und nicht \u00fcber uns&nbsp;&#8211; so das stets wiederkehrende Votum der Teilnehmer. <a href=\"https:\/\/www.diabsite.de\/aktuelles\/nachrichten\/2008\/080922b.html\" title=\"zur Nachricht\" target=\"_blank\">Nachricht lesen<\/a><\/p>\n","protected":false},"excerpt":{"rendered":"<p>Die 8000 Besucher des Deutschen Diabetiker Tages am 20. September in Kassel richten einm\u00fctig ihren Willen und ihren Anspruch an alle, die in Deutschland gesundheitspolitische Verantwortung tragen: Selbstbestimmtes Leben mir Diabetes&nbsp;&#8230; F\u00fcr alle! Entscheidungen \u00fcber uns als Diabetiker und alle chronisch kranken Menschen m\u00fcssen mit uns getroffen werden, und nicht \u00fcber uns&nbsp;&#8211; so das stets [&hellip;]<\/p>\n","protected":false},"author":4,"featured_media":0,"comment_status":"closed","ping_status":"open","sticky":false,"template":"","format":"standard","meta":{"footnotes":""},"categories":[2],"tags":[],"_links":{"self":[{"href":"https:\/\/www.diabsite.de\/diabetes-weblog\/wp-json\/wp\/v2\/posts\/2787"}],"collection":[{"href":"https:\/\/www.diabsite.de\/diabetes-weblog\/wp-json\/wp\/v2\/posts"}],"about":[{"href":"https:\/\/www.diabsite.de\/diabetes-weblog\/wp-json\/wp\/v2\/types\/post"}],"author":[{"embeddable":true,"href":"https:\/\/www.diabsite.de\/diabetes-weblog\/wp-json\/wp\/v2\/users\/4"}],"replies":[{"embeddable":true,"href":"https:\/\/www.diabsite.de\/diabetes-weblog\/wp-json\/wp\/v2\/comments?post=2787"}],"version-history":[{"count":0,"href":"https:\/\/www.diabsite.de\/diabetes-weblog\/wp-json\/wp\/v2\/posts\/2787\/revisions"}],"wp:attachment":[{"href":"https:\/\/www.diabsite.de\/diabetes-weblog\/wp-json\/wp\/v2\/media?parent=2787"}],"wp:term":[{"taxonomy":"category","embeddable":true,"href":"https:\/\/www.diabsite.de\/diabetes-weblog\/wp-json\/wp\/v2\/categories?post=2787"},{"taxonomy":"post_tag","embeddable":true,"href":"https:\/\/www.diabsite.de\/diabetes-weblog\/wp-json\/wp\/v2\/tags?post=2787"}],"curies":[{"name":"wp","href":"https:\/\/api.w.org\/{rel}","templated":true}]}}