{"id":2778,"date":"2008-09-19T16:01:59","date_gmt":"2008-09-19T14:01:59","guid":{"rendered":"http:\/\/www.diabsite.de\/diabetes-weblog\/2008\/09\/19\/selbstmanagement-und-eigenverantwortung-bei-diabetes-aus-psychologischer-sicht\/"},"modified":"2008-09-19T19:18:09","modified_gmt":"2008-09-19T17:18:09","slug":"selbstmanagement-und-eigenverantwortung-bei-diabetes-aus-psychologischer-sicht","status":"publish","type":"post","link":"https:\/\/www.diabsite.de\/diabetes-weblog\/2008\/09\/19\/selbstmanagement-und-eigenverantwortung-bei-diabetes-aus-psychologischer-sicht\/","title":{"rendered":"Selbstmanagement und Eigenverantwortung bei Diabetes aus psychologischer Sicht"},"content":{"rendered":"<p>Unter dem Motto &#8222;Selbst bestimmtes Leben mit Diabetes&nbsp;&#8230; f\u00fcr alle!?&#8220; findet der Deutsche Diabetiker Tag im Jahr 2008 in Kassel statt. Auf den ersten Blick jedoch scheinen sich Selbstbestimmung und Freiheit auf der einen Seite und die strukturierte und sorgf\u00e4ltige intensivierte Insulintherapie bei Typ-1-Diabetes auf der anderen Seite ebenso auszuschlie\u00dfen wie eine weitreichende Ern\u00e4hrungsumstellung und vermehrte Bewegung zur Behandlung des Typ-2-Diabetes. Wie Menschen mit Diabetes und ihre Angeh\u00f6rigen mehr Selbstmanagement und Eigenverantwortung \u00fcbernehmen k\u00f6nnen, erkl\u00e4rt Frau Professor Dr.&nbsp;Karin Lange auf dem Deutschen Diabetiker Tag in Kassel. <a href=\"https:\/\/www.diabsite.de\/aktuelles\/nachrichten\/2008\/080919c.html\" title=\"zur Nachricht\" target=\"_blank\">Nachricht lesen<\/a><\/p>\n","protected":false},"excerpt":{"rendered":"<p>Unter dem Motto &#8222;Selbst bestimmtes Leben mit Diabetes&nbsp;&#8230; f\u00fcr alle!?&#8220; findet der Deutsche Diabetiker Tag im Jahr 2008 in Kassel statt. Auf den ersten Blick jedoch scheinen sich Selbstbestimmung und Freiheit auf der einen Seite und die strukturierte und sorgf\u00e4ltige intensivierte Insulintherapie bei Typ-1-Diabetes auf der anderen Seite ebenso auszuschlie\u00dfen wie eine weitreichende Ern\u00e4hrungsumstellung und [&hellip;]<\/p>\n","protected":false},"author":4,"featured_media":0,"comment_status":"closed","ping_status":"open","sticky":false,"template":"","format":"standard","meta":{"footnotes":""},"categories":[2],"tags":[],"_links":{"self":[{"href":"https:\/\/www.diabsite.de\/diabetes-weblog\/wp-json\/wp\/v2\/posts\/2778"}],"collection":[{"href":"https:\/\/www.diabsite.de\/diabetes-weblog\/wp-json\/wp\/v2\/posts"}],"about":[{"href":"https:\/\/www.diabsite.de\/diabetes-weblog\/wp-json\/wp\/v2\/types\/post"}],"author":[{"embeddable":true,"href":"https:\/\/www.diabsite.de\/diabetes-weblog\/wp-json\/wp\/v2\/users\/4"}],"replies":[{"embeddable":true,"href":"https:\/\/www.diabsite.de\/diabetes-weblog\/wp-json\/wp\/v2\/comments?post=2778"}],"version-history":[{"count":0,"href":"https:\/\/www.diabsite.de\/diabetes-weblog\/wp-json\/wp\/v2\/posts\/2778\/revisions"}],"wp:attachment":[{"href":"https:\/\/www.diabsite.de\/diabetes-weblog\/wp-json\/wp\/v2\/media?parent=2778"}],"wp:term":[{"taxonomy":"category","embeddable":true,"href":"https:\/\/www.diabsite.de\/diabetes-weblog\/wp-json\/wp\/v2\/categories?post=2778"},{"taxonomy":"post_tag","embeddable":true,"href":"https:\/\/www.diabsite.de\/diabetes-weblog\/wp-json\/wp\/v2\/tags?post=2778"}],"curies":[{"name":"wp","href":"https:\/\/api.w.org\/{rel}","templated":true}]}}