{"id":2772,"date":"2008-09-18T14:19:57","date_gmt":"2008-09-18T12:19:57","guid":{"rendered":"http:\/\/www.diabsite.de\/diabetes-weblog\/2008\/09\/18\/entstehung-und-therapie-von-diabetes-bei-kindern\/"},"modified":"2008-09-18T17:20:45","modified_gmt":"2008-09-18T15:20:45","slug":"entstehung-und-therapie-von-diabetes-bei-kindern","status":"publish","type":"post","link":"https:\/\/www.diabsite.de\/diabetes-weblog\/2008\/09\/18\/entstehung-und-therapie-von-diabetes-bei-kindern\/","title":{"rendered":"Entstehung und Therapie von Diabetes bei Kindern"},"content":{"rendered":"<p>Am 23.&nbsp;September treffen sich renommierte Diabetesforscher aus aller Welt zum Diabetes-Symposium in M\u00fcnchen. Das Symposium ist das erste des neu gegr\u00fcndeten, vom Bundesministerium f\u00fcr Bildung und Forschung gef\u00f6rderten Kompetenznetzes &#8222;Diabetes mellitus&#8220;. <a href=\"https:\/\/www.diabsite.de\/aktuelles\/nachrichten\/2008\/080918.html\" title=\"zur Nachricht\" target=\"_blank\">Nachricht lesen<\/a><\/p>\n","protected":false},"excerpt":{"rendered":"<p>Am 23.&nbsp;September treffen sich renommierte Diabetesforscher aus aller Welt zum Diabetes-Symposium in M\u00fcnchen. Das Symposium ist das erste des neu gegr\u00fcndeten, vom Bundesministerium f\u00fcr Bildung und Forschung gef\u00f6rderten Kompetenznetzes &#8222;Diabetes mellitus&#8220;. Nachricht lesen<\/p>\n","protected":false},"author":4,"featured_media":0,"comment_status":"closed","ping_status":"open","sticky":false,"template":"","format":"standard","meta":{"footnotes":""},"categories":[2],"tags":[],"_links":{"self":[{"href":"https:\/\/www.diabsite.de\/diabetes-weblog\/wp-json\/wp\/v2\/posts\/2772"}],"collection":[{"href":"https:\/\/www.diabsite.de\/diabetes-weblog\/wp-json\/wp\/v2\/posts"}],"about":[{"href":"https:\/\/www.diabsite.de\/diabetes-weblog\/wp-json\/wp\/v2\/types\/post"}],"author":[{"embeddable":true,"href":"https:\/\/www.diabsite.de\/diabetes-weblog\/wp-json\/wp\/v2\/users\/4"}],"replies":[{"embeddable":true,"href":"https:\/\/www.diabsite.de\/diabetes-weblog\/wp-json\/wp\/v2\/comments?post=2772"}],"version-history":[{"count":0,"href":"https:\/\/www.diabsite.de\/diabetes-weblog\/wp-json\/wp\/v2\/posts\/2772\/revisions"}],"wp:attachment":[{"href":"https:\/\/www.diabsite.de\/diabetes-weblog\/wp-json\/wp\/v2\/media?parent=2772"}],"wp:term":[{"taxonomy":"category","embeddable":true,"href":"https:\/\/www.diabsite.de\/diabetes-weblog\/wp-json\/wp\/v2\/categories?post=2772"},{"taxonomy":"post_tag","embeddable":true,"href":"https:\/\/www.diabsite.de\/diabetes-weblog\/wp-json\/wp\/v2\/tags?post=2772"}],"curies":[{"name":"wp","href":"https:\/\/api.w.org\/{rel}","templated":true}]}}