{"id":2767,"date":"2008-09-12T22:29:23","date_gmt":"2008-09-12T20:29:23","guid":{"rendered":"http:\/\/www.diabsite.de\/diabetes-weblog\/2008\/09\/12\/hoppe-fordert-stopp-des-gesundheitsfonds\/"},"modified":"2008-09-16T14:35:49","modified_gmt":"2008-09-16T12:35:49","slug":"hoppe-fordert-stopp-des-gesundheitsfonds","status":"publish","type":"post","link":"https:\/\/www.diabsite.de\/diabetes-weblog\/2008\/09\/12\/hoppe-fordert-stopp-des-gesundheitsfonds\/","title":{"rendered":"Hoppe fordert Stopp des Gesundheitsfonds"},"content":{"rendered":"<p>&#8222;Der Gesundheitsfonds ist ein weiterer Schritt auf dem Weg in die Staatsmedizin. Die Regierung legt nach wirtschaftlicher Opportunit\u00e4t und haushaltspolitischer Machbarkeit fest, wie viel Geld f\u00fcr die Versorgung der Patienten ausgegeben werden darf. Damit h\u00e4ngt die Versorgung der Patienten k\u00fcnftig vom Spardiktat der Finanzpolitiker ab. Der tats\u00e4chliche Versorgungsbedarf ger\u00e4t v\u00f6llig aus dem Blick&#8220;, warnte heute Prof.&nbsp;Dr.&nbsp;J\u00f6rg-Dietrich Hoppe, Pr\u00e4sident der Bundes\u00e4rztekammer, vor den Folgen der geplanten Einf\u00fchrung des Gesundheitsfonds. <a href=\"https:\/\/www.diabsite.de\/aktuelles\/nachrichten\/2008\/080912b.html\" title=\"zur Nachricht\" target=\"_blank\">Nachricht lesen<\/a><\/p>\n","protected":false},"excerpt":{"rendered":"<p>&#8222;Der Gesundheitsfonds ist ein weiterer Schritt auf dem Weg in die Staatsmedizin. Die Regierung legt nach wirtschaftlicher Opportunit\u00e4t und haushaltspolitischer Machbarkeit fest, wie viel Geld f\u00fcr die Versorgung der Patienten ausgegeben werden darf. Damit h\u00e4ngt die Versorgung der Patienten k\u00fcnftig vom Spardiktat der Finanzpolitiker ab. Der tats\u00e4chliche Versorgungsbedarf ger\u00e4t v\u00f6llig aus dem Blick&#8220;, warnte heute [&hellip;]<\/p>\n","protected":false},"author":4,"featured_media":0,"comment_status":"closed","ping_status":"open","sticky":false,"template":"","format":"standard","meta":{"footnotes":""},"categories":[2],"tags":[],"_links":{"self":[{"href":"https:\/\/www.diabsite.de\/diabetes-weblog\/wp-json\/wp\/v2\/posts\/2767"}],"collection":[{"href":"https:\/\/www.diabsite.de\/diabetes-weblog\/wp-json\/wp\/v2\/posts"}],"about":[{"href":"https:\/\/www.diabsite.de\/diabetes-weblog\/wp-json\/wp\/v2\/types\/post"}],"author":[{"embeddable":true,"href":"https:\/\/www.diabsite.de\/diabetes-weblog\/wp-json\/wp\/v2\/users\/4"}],"replies":[{"embeddable":true,"href":"https:\/\/www.diabsite.de\/diabetes-weblog\/wp-json\/wp\/v2\/comments?post=2767"}],"version-history":[{"count":0,"href":"https:\/\/www.diabsite.de\/diabetes-weblog\/wp-json\/wp\/v2\/posts\/2767\/revisions"}],"wp:attachment":[{"href":"https:\/\/www.diabsite.de\/diabetes-weblog\/wp-json\/wp\/v2\/media?parent=2767"}],"wp:term":[{"taxonomy":"category","embeddable":true,"href":"https:\/\/www.diabsite.de\/diabetes-weblog\/wp-json\/wp\/v2\/categories?post=2767"},{"taxonomy":"post_tag","embeddable":true,"href":"https:\/\/www.diabsite.de\/diabetes-weblog\/wp-json\/wp\/v2\/tags?post=2767"}],"curies":[{"name":"wp","href":"https:\/\/api.w.org\/{rel}","templated":true}]}}