{"id":27419,"date":"2013-10-29T22:43:54","date_gmt":"2013-10-29T21:43:54","guid":{"rendered":"http:\/\/www.diabsite.de\/diabetes-weblog\/?p=27419"},"modified":"2013-10-29T22:43:54","modified_gmt":"2013-10-29T21:43:54","slug":"menschen-mit-diabetes-haben-ein-erhoehtes-risiko-fuer-depressionen","status":"publish","type":"post","link":"https:\/\/www.diabsite.de\/diabetes-weblog\/2013\/10\/29\/menschen-mit-diabetes-haben-ein-erhoehtes-risiko-fuer-depressionen\/","title":{"rendered":"Menschen mit Diabetes haben ein erh\u00f6htes Risiko f\u00fcr Depressionen"},"content":{"rendered":"<p>Sp\u00e4testens, wenn Ende Oktober die Uhren von Sommer- auf Winterzeit umgestellt werden, ist die kalte und dunkle Jahreszeit da: Vielen Menschen schl\u00e4gt die zunehmende Finsternis, sowie Wind, Regen und K\u00e4lte auf das Gem\u00fct. Besonders gef\u00e4hrdet sind Menschen mit Diabetes Typ&nbsp;1 oder Typ&nbsp;2. Denn sie tragen bereits an sich ein erh\u00f6htes Risiko, an einer Depression zu erkranken. <a href=\"https:\/\/www.diabsite.de\/aktuelles\/nachrichten\/2013\/131029e.html\" target=\"_blank\" class=\"ds\" title=\"zur Nachricht (neues Fenster)\">Nachricht lesen<\/a><\/p>\n","protected":false},"excerpt":{"rendered":"<p>Sp\u00e4testens, wenn Ende Oktober die Uhren von Sommer- auf Winterzeit umgestellt werden, ist die kalte und dunkle Jahreszeit da: Vielen Menschen schl\u00e4gt die zunehmende Finsternis, sowie Wind, Regen und K\u00e4lte auf das Gem\u00fct. Besonders gef\u00e4hrdet sind Menschen mit Diabetes Typ&nbsp;1 oder Typ&nbsp;2. Denn sie tragen bereits an sich ein erh\u00f6htes Risiko, an einer Depression zu [&hellip;]<\/p>\n","protected":false},"author":4,"featured_media":0,"comment_status":"open","ping_status":"closed","sticky":false,"template":"","format":"standard","meta":{"footnotes":""},"categories":[2],"tags":[231,24,30,2819,2818,1140],"_links":{"self":[{"href":"https:\/\/www.diabsite.de\/diabetes-weblog\/wp-json\/wp\/v2\/posts\/27419"}],"collection":[{"href":"https:\/\/www.diabsite.de\/diabetes-weblog\/wp-json\/wp\/v2\/posts"}],"about":[{"href":"https:\/\/www.diabsite.de\/diabetes-weblog\/wp-json\/wp\/v2\/types\/post"}],"author":[{"embeddable":true,"href":"https:\/\/www.diabsite.de\/diabetes-weblog\/wp-json\/wp\/v2\/users\/4"}],"replies":[{"embeddable":true,"href":"https:\/\/www.diabsite.de\/diabetes-weblog\/wp-json\/wp\/v2\/comments?post=27419"}],"version-history":[{"count":5,"href":"https:\/\/www.diabsite.de\/diabetes-weblog\/wp-json\/wp\/v2\/posts\/27419\/revisions"}],"predecessor-version":[{"id":27431,"href":"https:\/\/www.diabsite.de\/diabetes-weblog\/wp-json\/wp\/v2\/posts\/27419\/revisions\/27431"}],"wp:attachment":[{"href":"https:\/\/www.diabsite.de\/diabetes-weblog\/wp-json\/wp\/v2\/media?parent=27419"}],"wp:term":[{"taxonomy":"category","embeddable":true,"href":"https:\/\/www.diabsite.de\/diabetes-weblog\/wp-json\/wp\/v2\/categories?post=27419"},{"taxonomy":"post_tag","embeddable":true,"href":"https:\/\/www.diabsite.de\/diabetes-weblog\/wp-json\/wp\/v2\/tags?post=27419"}],"curies":[{"name":"wp","href":"https:\/\/api.w.org\/{rel}","templated":true}]}}