{"id":27409,"date":"2013-10-29T15:45:34","date_gmt":"2013-10-29T14:45:34","guid":{"rendered":"http:\/\/www.diabsite.de\/diabetes-weblog\/?p=27409"},"modified":"2013-10-29T15:45:34","modified_gmt":"2013-10-29T14:45:34","slug":"telefonaktion-zu-diabetes-am-4-november","status":"publish","type":"post","link":"https:\/\/www.diabsite.de\/diabetes-weblog\/2013\/10\/29\/telefonaktion-zu-diabetes-am-4-november\/","title":{"rendered":"Telefonaktion zu Diabetes am 4. November"},"content":{"rendered":"<p>Diabetes geh\u00f6rt zu den Volkskrankheiten in Deutschland. Mehr als 6&nbsp;Millionen Menschen in Deutschland leiden an der Stoffwechselerkrankung. Im November r\u00fcckt sie wieder in den Mittelpunkt, denn dann findet der Weltdiabetestag statt. Dies nimmt das Kompetenznetz Diabetes mellitus zum Anlass, dem hohen Beratungsbedarf Betroffener und deren Angeh\u00f6riger mit einer Telefonaktion am 4.&nbsp;November zu begegnen. Die Experten des Kompetenznetzes z\u00e4hlen zu den f\u00fchrenden Wissenschaftlern der deutschen Diabetesforschung. <a href=\"https:\/\/www.diabsite.de\/aktuelles\/nachrichten\/2013\/131029b.html\" target=\"_blank\" class=\"ds\" title=\"zur Nachricht (neues Fenster)\">Nachricht lesen<\/a><\/p>\n","protected":false},"excerpt":{"rendered":"<p>Diabetes geh\u00f6rt zu den Volkskrankheiten in Deutschland. Mehr als 6&nbsp;Millionen Menschen in Deutschland leiden an der Stoffwechselerkrankung. Im November r\u00fcckt sie wieder in den Mittelpunkt, denn dann findet der Weltdiabetestag statt. Dies nimmt das Kompetenznetz Diabetes mellitus zum Anlass, dem hohen Beratungsbedarf Betroffener und deren Angeh\u00f6riger mit einer Telefonaktion am 4.&nbsp;November zu begegnen. Die Experten [&hellip;]<\/p>\n","protected":false},"author":4,"featured_media":0,"comment_status":"open","ping_status":"closed","sticky":false,"template":"","format":"standard","meta":{"footnotes":""},"categories":[2],"tags":[806,639,2814,2813,38,60,588],"_links":{"self":[{"href":"https:\/\/www.diabsite.de\/diabetes-weblog\/wp-json\/wp\/v2\/posts\/27409"}],"collection":[{"href":"https:\/\/www.diabsite.de\/diabetes-weblog\/wp-json\/wp\/v2\/posts"}],"about":[{"href":"https:\/\/www.diabsite.de\/diabetes-weblog\/wp-json\/wp\/v2\/types\/post"}],"author":[{"embeddable":true,"href":"https:\/\/www.diabsite.de\/diabetes-weblog\/wp-json\/wp\/v2\/users\/4"}],"replies":[{"embeddable":true,"href":"https:\/\/www.diabsite.de\/diabetes-weblog\/wp-json\/wp\/v2\/comments?post=27409"}],"version-history":[{"count":2,"href":"https:\/\/www.diabsite.de\/diabetes-weblog\/wp-json\/wp\/v2\/posts\/27409\/revisions"}],"predecessor-version":[{"id":27411,"href":"https:\/\/www.diabsite.de\/diabetes-weblog\/wp-json\/wp\/v2\/posts\/27409\/revisions\/27411"}],"wp:attachment":[{"href":"https:\/\/www.diabsite.de\/diabetes-weblog\/wp-json\/wp\/v2\/media?parent=27409"}],"wp:term":[{"taxonomy":"category","embeddable":true,"href":"https:\/\/www.diabsite.de\/diabetes-weblog\/wp-json\/wp\/v2\/categories?post=27409"},{"taxonomy":"post_tag","embeddable":true,"href":"https:\/\/www.diabsite.de\/diabetes-weblog\/wp-json\/wp\/v2\/tags?post=27409"}],"curies":[{"name":"wp","href":"https:\/\/api.w.org\/{rel}","templated":true}]}}