{"id":2535,"date":"2008-03-13T17:34:57","date_gmt":"2008-03-13T15:34:57","guid":{"rendered":"http:\/\/www.diabsite.de\/diabetes-weblog\/2008\/03\/13\/schwarzer-tag-fur-den-verbraucherschutz\/"},"modified":"2008-05-30T20:36:44","modified_gmt":"2008-05-30T18:36:44","slug":"schwarzer-tag-fur-den-verbraucherschutz","status":"publish","type":"post","link":"https:\/\/www.diabsite.de\/diabetes-weblog\/2008\/03\/13\/schwarzer-tag-fur-den-verbraucherschutz\/","title":{"rendered":"Schwarzer Tag f\u00fcr den Verbraucherschutz"},"content":{"rendered":"<p>Das Bundesverwaltungsgericht&nbsp;(BVerwG) in Leipzig hat heute im &#8222;dm&#8220;-Fall entschieden. Die Richter sind der Auffassung, dass das von der Drogeriemarktkette in den nordrhein-westf\u00e4lischen Filialen praktizierte Modell zul\u00e4ssig ist. Damit wurde den Bedenken der Stadt D\u00fcsseldorf nicht Rechnung getragen. Apotheker fordern nach diesem &#8222;dm&#8220;-Urteil die Politik im Sinne der Verbraucher zum Handeln auf. <a href=\"https:\/\/www.diabsite.de\/aktuelles\/nachrichten\/2008\/080313.html\" title=\"zur Nachricht\" target=\"_blank\">Nachricht lesen<\/a><\/p>\n","protected":false},"excerpt":{"rendered":"<p>Das Bundesverwaltungsgericht&nbsp;(BVerwG) in Leipzig hat heute im &#8222;dm&#8220;-Fall entschieden. Die Richter sind der Auffassung, dass das von der Drogeriemarktkette in den nordrhein-westf\u00e4lischen Filialen praktizierte Modell zul\u00e4ssig ist. Damit wurde den Bedenken der Stadt D\u00fcsseldorf nicht Rechnung getragen. Apotheker fordern nach diesem &#8222;dm&#8220;-Urteil die Politik im Sinne der Verbraucher zum Handeln auf. Nachricht lesen<\/p>\n","protected":false},"author":4,"featured_media":0,"comment_status":"closed","ping_status":"open","sticky":false,"template":"","format":"standard","meta":{"footnotes":""},"categories":[2],"tags":[],"_links":{"self":[{"href":"https:\/\/www.diabsite.de\/diabetes-weblog\/wp-json\/wp\/v2\/posts\/2535"}],"collection":[{"href":"https:\/\/www.diabsite.de\/diabetes-weblog\/wp-json\/wp\/v2\/posts"}],"about":[{"href":"https:\/\/www.diabsite.de\/diabetes-weblog\/wp-json\/wp\/v2\/types\/post"}],"author":[{"embeddable":true,"href":"https:\/\/www.diabsite.de\/diabetes-weblog\/wp-json\/wp\/v2\/users\/4"}],"replies":[{"embeddable":true,"href":"https:\/\/www.diabsite.de\/diabetes-weblog\/wp-json\/wp\/v2\/comments?post=2535"}],"version-history":[{"count":0,"href":"https:\/\/www.diabsite.de\/diabetes-weblog\/wp-json\/wp\/v2\/posts\/2535\/revisions"}],"wp:attachment":[{"href":"https:\/\/www.diabsite.de\/diabetes-weblog\/wp-json\/wp\/v2\/media?parent=2535"}],"wp:term":[{"taxonomy":"category","embeddable":true,"href":"https:\/\/www.diabsite.de\/diabetes-weblog\/wp-json\/wp\/v2\/categories?post=2535"},{"taxonomy":"post_tag","embeddable":true,"href":"https:\/\/www.diabsite.de\/diabetes-weblog\/wp-json\/wp\/v2\/tags?post=2535"}],"curies":[{"name":"wp","href":"https:\/\/api.w.org\/{rel}","templated":true}]}}