{"id":2516,"date":"2008-05-05T21:18:30","date_gmt":"2008-05-05T19:18:30","guid":{"rendered":"http:\/\/www.diabsite.de\/diabetes-weblog\/2008\/05\/05\/rabattvertrage-im-rechtsfreien-raum\/"},"modified":"2008-05-22T20:20:05","modified_gmt":"2008-05-22T18:20:05","slug":"rabattvertrage-im-rechtsfreien-raum","status":"publish","type":"post","link":"https:\/\/www.diabsite.de\/diabetes-weblog\/2008\/05\/05\/rabattvertrage-im-rechtsfreien-raum\/","title":{"rendered":"Rabattvertr\u00e4ge im rechtsfreien Raum"},"content":{"rendered":"<p>Als &#8222;unzumutbaren Zustand&#8220; bezeichnete Dr.&nbsp;Bernd Wegener, Vorsitzender des Bundesverbandes der Pharmazeutischen Industrie&nbsp;(BPI) die aktuelle Situation um die Rabattvertr\u00e4ge der gesetzlichen Krankenkassen mit Pharmaunternehmen. Es sei eines Rechtsstaates unw\u00fcrdig, wenn Krankenkassen als \u00f6ffentliche Auftraggeber in einem quasi rechtsfreien Raum Rabattvertr\u00e4ge ohne internationale und nationale Wettbewerbs- und Vergaberegeln zu beachten abschl\u00f6ssen.&#8220; <a href=\"https:\/\/www.diabsite.de\/aktuelles\/nachrichten\/2008\/080505d.html\" title=\"zur Nachricht\" target=\"_blank\">Nachricht lesen<\/a><\/p>\n","protected":false},"excerpt":{"rendered":"<p>Als &#8222;unzumutbaren Zustand&#8220; bezeichnete Dr.&nbsp;Bernd Wegener, Vorsitzender des Bundesverbandes der Pharmazeutischen Industrie&nbsp;(BPI) die aktuelle Situation um die Rabattvertr\u00e4ge der gesetzlichen Krankenkassen mit Pharmaunternehmen. Es sei eines Rechtsstaates unw\u00fcrdig, wenn Krankenkassen als \u00f6ffentliche Auftraggeber in einem quasi rechtsfreien Raum Rabattvertr\u00e4ge ohne internationale und nationale Wettbewerbs- und Vergaberegeln zu beachten abschl\u00f6ssen.&#8220; Nachricht lesen<\/p>\n","protected":false},"author":4,"featured_media":0,"comment_status":"closed","ping_status":"open","sticky":false,"template":"","format":"standard","meta":{"footnotes":""},"categories":[2],"tags":[],"_links":{"self":[{"href":"https:\/\/www.diabsite.de\/diabetes-weblog\/wp-json\/wp\/v2\/posts\/2516"}],"collection":[{"href":"https:\/\/www.diabsite.de\/diabetes-weblog\/wp-json\/wp\/v2\/posts"}],"about":[{"href":"https:\/\/www.diabsite.de\/diabetes-weblog\/wp-json\/wp\/v2\/types\/post"}],"author":[{"embeddable":true,"href":"https:\/\/www.diabsite.de\/diabetes-weblog\/wp-json\/wp\/v2\/users\/4"}],"replies":[{"embeddable":true,"href":"https:\/\/www.diabsite.de\/diabetes-weblog\/wp-json\/wp\/v2\/comments?post=2516"}],"version-history":[{"count":0,"href":"https:\/\/www.diabsite.de\/diabetes-weblog\/wp-json\/wp\/v2\/posts\/2516\/revisions"}],"wp:attachment":[{"href":"https:\/\/www.diabsite.de\/diabetes-weblog\/wp-json\/wp\/v2\/media?parent=2516"}],"wp:term":[{"taxonomy":"category","embeddable":true,"href":"https:\/\/www.diabsite.de\/diabetes-weblog\/wp-json\/wp\/v2\/categories?post=2516"},{"taxonomy":"post_tag","embeddable":true,"href":"https:\/\/www.diabsite.de\/diabetes-weblog\/wp-json\/wp\/v2\/tags?post=2516"}],"curies":[{"name":"wp","href":"https:\/\/api.w.org\/{rel}","templated":true}]}}