{"id":2514,"date":"2008-05-22T19:24:12","date_gmt":"2008-05-22T17:24:12","guid":{"rendered":"http:\/\/www.diabsite.de\/diabetes-weblog\/2008\/05\/22\/arztetag-fordert-neukonzeption-des-projektes-elektronische-gesundheitskarte\/"},"modified":"2008-05-22T19:24:12","modified_gmt":"2008-05-22T17:24:12","slug":"arztetag-fordert-neukonzeption-des-projektes-elektronische-gesundheitskarte","status":"publish","type":"post","link":"https:\/\/www.diabsite.de\/diabetes-weblog\/2008\/05\/22\/arztetag-fordert-neukonzeption-des-projektes-elektronische-gesundheitskarte\/","title":{"rendered":"\u00c4rztetag fordert Neukonzeption des Projektes elektronische Gesundheitskarte"},"content":{"rendered":"<p>Auf dem 111. Deutschen \u00c4rztetag in Ulm hat die \u00c4rzteschaft engagiert die notwendigen Kriterien f\u00fcr den Datenschutz bei der Einf\u00fchrung der elektronischen Gesundheitskarte diskutiert und den Vorstand der Bundes\u00e4rztekammer beauftragt, auf der Basis eines Positionspapiers das Projekt konstruktiv-kritisch zu begleiten. Das \u00c4rzteparlament lehnte abermals die Einf\u00fchrung der elektronischen Gesundheitskarte in der bisher vorgelegten Form ab. <a href=\"https:\/\/www.diabsite.de\/aktuelles\/nachrichten\/2008\/080522.html\" title=\"zur Nachricht\" target=\"_blank\">Nachricht lesen<\/a><\/p>\n","protected":false},"excerpt":{"rendered":"<p>Auf dem 111. Deutschen \u00c4rztetag in Ulm hat die \u00c4rzteschaft engagiert die notwendigen Kriterien f\u00fcr den Datenschutz bei der Einf\u00fchrung der elektronischen Gesundheitskarte diskutiert und den Vorstand der Bundes\u00e4rztekammer beauftragt, auf der Basis eines Positionspapiers das Projekt konstruktiv-kritisch zu begleiten. Das \u00c4rzteparlament lehnte abermals die Einf\u00fchrung der elektronischen Gesundheitskarte in der bisher vorgelegten Form ab. [&hellip;]<\/p>\n","protected":false},"author":4,"featured_media":0,"comment_status":"closed","ping_status":"open","sticky":false,"template":"","format":"standard","meta":{"footnotes":""},"categories":[2],"tags":[],"_links":{"self":[{"href":"https:\/\/www.diabsite.de\/diabetes-weblog\/wp-json\/wp\/v2\/posts\/2514"}],"collection":[{"href":"https:\/\/www.diabsite.de\/diabetes-weblog\/wp-json\/wp\/v2\/posts"}],"about":[{"href":"https:\/\/www.diabsite.de\/diabetes-weblog\/wp-json\/wp\/v2\/types\/post"}],"author":[{"embeddable":true,"href":"https:\/\/www.diabsite.de\/diabetes-weblog\/wp-json\/wp\/v2\/users\/4"}],"replies":[{"embeddable":true,"href":"https:\/\/www.diabsite.de\/diabetes-weblog\/wp-json\/wp\/v2\/comments?post=2514"}],"version-history":[{"count":0,"href":"https:\/\/www.diabsite.de\/diabetes-weblog\/wp-json\/wp\/v2\/posts\/2514\/revisions"}],"wp:attachment":[{"href":"https:\/\/www.diabsite.de\/diabetes-weblog\/wp-json\/wp\/v2\/media?parent=2514"}],"wp:term":[{"taxonomy":"category","embeddable":true,"href":"https:\/\/www.diabsite.de\/diabetes-weblog\/wp-json\/wp\/v2\/categories?post=2514"},{"taxonomy":"post_tag","embeddable":true,"href":"https:\/\/www.diabsite.de\/diabetes-weblog\/wp-json\/wp\/v2\/tags?post=2514"}],"curies":[{"name":"wp","href":"https:\/\/api.w.org\/{rel}","templated":true}]}}