{"id":2512,"date":"2008-05-22T12:43:58","date_gmt":"2008-05-22T10:43:58","guid":{"rendered":"http:\/\/www.diabsite.de\/diabetes-weblog\/2008\/05\/22\/neues-aus-dem-diabsite-diabetes-kalender-2\/"},"modified":"2008-05-22T12:43:58","modified_gmt":"2008-05-22T10:43:58","slug":"neues-aus-dem-diabsite-diabetes-kalender-2","status":"publish","type":"post","link":"https:\/\/www.diabsite.de\/diabetes-weblog\/2008\/05\/22\/neues-aus-dem-diabsite-diabetes-kalender-2\/","title":{"rendered":"Neues aus dem DiabSite Diabetes-Kalender"},"content":{"rendered":"<p>Veranstaltungshinweise suchen und finden Diabetiker ebenso wie Experten auf der DiabSite. Im gro\u00dfen Diabetes-Kalender sind Diabetikertage, Treffen von Selbsthilfegruppen, Kongresse und Symposien notiert. Regelm\u00e4\u00dfig stellen wir hier drei Termine f\u00fcr Diabetes-Interessierte vor:<br \/>\n29.05.2008 &#8211; <strong>Braunau, \u00d6sterreich<\/strong>&nbsp;&#8211; Diabetes und Augenerkrankungen.<br \/>\n25.06.2008 &#8211; <strong>Freudenstadt<\/strong>&nbsp;&#8211; Gesundheitspass&nbsp;&#8211; Barometer f\u00fcr gute Einstellung.<br \/>\n23.07.2008 &#8211; <strong>Eisenach<\/strong>&nbsp;&#8211; Informationen zu \u00c4nderungen in der Pflegeversicherung.<br \/>\nDiese und jede Menge weitere <a href=\"https:\/\/www.diabsite.de\/aktuelles\/termine\/index.html\" target=\"_blank\">Termine<\/a> in unserem Diabetes-Kalender zeigen, wo sich Diabetes-Interessierte treffen. Mit der DiabSite bleiben Sie stets auf dem Laufenden!<\/p>\n","protected":false},"excerpt":{"rendered":"<p>Veranstaltungshinweise suchen und finden Diabetiker ebenso wie Experten auf der DiabSite. Im gro\u00dfen Diabetes-Kalender sind Diabetikertage, Treffen von Selbsthilfegruppen, Kongresse und Symposien notiert. Regelm\u00e4\u00dfig stellen wir hier drei Termine f\u00fcr Diabetes-Interessierte vor: 29.05.2008 &#8211; Braunau, \u00d6sterreich&nbsp;&#8211; Diabetes und Augenerkrankungen. 25.06.2008 &#8211; Freudenstadt&nbsp;&#8211; Gesundheitspass&nbsp;&#8211; Barometer f\u00fcr gute Einstellung. 23.07.2008 &#8211; Eisenach&nbsp;&#8211; Informationen zu \u00c4nderungen in der [&hellip;]<\/p>\n","protected":false},"author":4,"featured_media":0,"comment_status":"closed","ping_status":"open","sticky":false,"template":"","format":"standard","meta":{"footnotes":""},"categories":[1],"tags":[],"_links":{"self":[{"href":"https:\/\/www.diabsite.de\/diabetes-weblog\/wp-json\/wp\/v2\/posts\/2512"}],"collection":[{"href":"https:\/\/www.diabsite.de\/diabetes-weblog\/wp-json\/wp\/v2\/posts"}],"about":[{"href":"https:\/\/www.diabsite.de\/diabetes-weblog\/wp-json\/wp\/v2\/types\/post"}],"author":[{"embeddable":true,"href":"https:\/\/www.diabsite.de\/diabetes-weblog\/wp-json\/wp\/v2\/users\/4"}],"replies":[{"embeddable":true,"href":"https:\/\/www.diabsite.de\/diabetes-weblog\/wp-json\/wp\/v2\/comments?post=2512"}],"version-history":[{"count":0,"href":"https:\/\/www.diabsite.de\/diabetes-weblog\/wp-json\/wp\/v2\/posts\/2512\/revisions"}],"wp:attachment":[{"href":"https:\/\/www.diabsite.de\/diabetes-weblog\/wp-json\/wp\/v2\/media?parent=2512"}],"wp:term":[{"taxonomy":"category","embeddable":true,"href":"https:\/\/www.diabsite.de\/diabetes-weblog\/wp-json\/wp\/v2\/categories?post=2512"},{"taxonomy":"post_tag","embeddable":true,"href":"https:\/\/www.diabsite.de\/diabetes-weblog\/wp-json\/wp\/v2\/tags?post=2512"}],"curies":[{"name":"wp","href":"https:\/\/api.w.org\/{rel}","templated":true}]}}