{"id":2508,"date":"2008-05-20T21:25:03","date_gmt":"2008-05-20T19:25:03","guid":{"rendered":"http:\/\/www.diabsite.de\/diabetes-weblog\/2008\/05\/20\/bayer-preis-fur-kreative-projekte-fur-kinder-mit-diabetes\/"},"modified":"2008-05-26T11:07:28","modified_gmt":"2008-05-26T09:07:28","slug":"bayer-preis-fur-kreative-projekte-fur-kinder-mit-diabetes","status":"publish","type":"post","link":"https:\/\/www.diabsite.de\/diabetes-weblog\/2008\/05\/20\/bayer-preis-fur-kreative-projekte-fur-kinder-mit-diabetes\/","title":{"rendered":"Bayer-Preis f\u00fcr kreative Projekte f\u00fcr Kinder mit Diabetes"},"content":{"rendered":"<p><a href=\"https:\/\/www.diabetes-radio.de\/\" target=\"_blank\"><img loading=\"lazy\" decoding=\"async\" class=\"alignright\" src=\"https:\/\/www.diabsite.de\/diabetes-weblog\/wp-content\/themes\/diabsite\/images\/diabetes-radio.gif\" width=\"100\" height=\"100\" alt=\"DiabSite Diabetes-Radio\" title=\"DiabSite Diabetes-Radio\" \/><\/a> &#8222;Fine Star&#8220; hei\u00dft der mit 17.500 Euro dotierte Preis, den Bayer Healthcare in diesem Jahr<br \/>\n<a href=\"https:\/\/www.diabetes-radio.de\/2008\/05\/20\/\" target=\"_blank\"><img loading=\"lazy\" decoding=\"async\" class=\"alignleft\" src=\"https:\/\/www.diabsite.de\/diabetes-weblog\/wp-content\/themes\/diabsite\/images\/080520-jost.jpg\" width=\"120\" height=\"145\" alt=\"Katrin Jost\" title=\"Katrin Jost\" \/><\/a> erstmals ausgeschrieben hat, um in der breiten \u00d6ffentlichkeit mehr Bewusstsein f\u00fcr die Krankheit zu schaffen. Denn viele Menschen wissen noch immer nicht, dass auch Kinder an Diabetes erkranken k\u00f6nnen. Und &#8222;weil Kinder keine Lobby haben&#8220;, so Katrin Jost, Pressemanagerin f\u00fcr den Bereich Diabetes Care der Firma Bayer, hat das Unternehmen beschlossen, sich mit dem Preis &#8222;Fine Star&#8220; (der \u00fcbrigens ganz deutsch <em>f-i-n-e<\/em> ausgesprochen wird) f\u00fcr die kleinen Patienten einzusetzen, die h\u00e4ufig nicht nur unter der Krankheit, sondern auch unter einem gesellschaftlichen Stigma leiden.<br \/>\n<a href=\"https:\/\/www.diabetes-radio.de\/2008\/05\/20\/\" target=\"_blank\"><img loading=\"lazy\" decoding=\"async\" class=\"alignright\" src=\"https:\/\/www.diabsite.de\/diabetes-weblog\/wp-content\/themes\/diabsite\/images\/080520-nico.jpg\" width=\"120\" height=\"167\" alt=\"Nico M\u00fcnch\" title=\"Nico M\u00fcnch\" \/><\/a> Eines dieser Kinder ist der 13-j\u00e4hrige Typ-1-Diabetiker Nico M\u00fcnch aus M\u00fcnchen. Im Gespr\u00e4ch mit DiabSite-Redakteurin Helga Uphoff erz\u00e4hlt er, wie er mit seinem Diabetes lebt und das er weder als etwas Besonderes behandelt werden noch bedauert werden will. Aber eigentlich, so unsere Meinung, ist Nico doch ein wenig etwas Besonderes, denn er geht als Diabetiker nicht nur in eine Leistungssportklasse und spielt Fu\u00df- und Volleyball&nbsp;&#8211; er ist dar\u00fcber hinaus auch eins der f\u00fcnf Jury-Mitglieder, die \u00fcber die Vergabe des Bayer-Preises entscheiden. Und endg\u00fcltig zum Exoten macht ihn die Tatsache, dass er als waschechter M\u00fcnchner nicht etwa Bayern M\u00fcnchen die Daumen dr\u00fcckt, sondern leidenschaftlicher Anh\u00e4nger von Mainz&nbsp;05 ist. \ud83d\ude09 <a target=\"_blank\" href=\"https:\/\/www.diabetes-radio.de\/2008\/05\/20\/\">Podcast-Episode anh\u00f6ren<\/a>.<\/p>\n<p>Das k\u00f6nnte Sie auch interessieren:<\/p>\n<p>*   <a target=\"_blank\" href=\"https:\/\/www.diabsite.de\/aktuelles\/nachrichten\/2008\/080430d.html\" title=\"zur Nachricht\">Bayer Vital f\u00f6rdert kreative Projekte f\u00fcr Kinder mit Diabetes<\/a>, Pressemitteilung der Bayer Vital AG.<\/p>\n","protected":false},"excerpt":{"rendered":"<p>&#8222;Fine Star&#8220; hei\u00dft der mit 17.500 Euro dotierte Preis, den Bayer Healthcare in diesem Jahr erstmals ausgeschrieben hat, um in der breiten \u00d6ffentlichkeit mehr Bewusstsein f\u00fcr die Krankheit zu schaffen. Denn viele Menschen wissen noch immer nicht, dass auch Kinder an Diabetes erkranken k\u00f6nnen. Und &#8222;weil Kinder keine Lobby haben&#8220;, so Katrin Jost, Pressemanagerin f\u00fcr [&hellip;]<\/p>\n","protected":false},"author":4,"featured_media":0,"comment_status":"closed","ping_status":"open","sticky":false,"template":"","format":"standard","meta":{"footnotes":""},"categories":[4],"tags":[],"_links":{"self":[{"href":"https:\/\/www.diabsite.de\/diabetes-weblog\/wp-json\/wp\/v2\/posts\/2508"}],"collection":[{"href":"https:\/\/www.diabsite.de\/diabetes-weblog\/wp-json\/wp\/v2\/posts"}],"about":[{"href":"https:\/\/www.diabsite.de\/diabetes-weblog\/wp-json\/wp\/v2\/types\/post"}],"author":[{"embeddable":true,"href":"https:\/\/www.diabsite.de\/diabetes-weblog\/wp-json\/wp\/v2\/users\/4"}],"replies":[{"embeddable":true,"href":"https:\/\/www.diabsite.de\/diabetes-weblog\/wp-json\/wp\/v2\/comments?post=2508"}],"version-history":[{"count":0,"href":"https:\/\/www.diabsite.de\/diabetes-weblog\/wp-json\/wp\/v2\/posts\/2508\/revisions"}],"wp:attachment":[{"href":"https:\/\/www.diabsite.de\/diabetes-weblog\/wp-json\/wp\/v2\/media?parent=2508"}],"wp:term":[{"taxonomy":"category","embeddable":true,"href":"https:\/\/www.diabsite.de\/diabetes-weblog\/wp-json\/wp\/v2\/categories?post=2508"},{"taxonomy":"post_tag","embeddable":true,"href":"https:\/\/www.diabsite.de\/diabetes-weblog\/wp-json\/wp\/v2\/tags?post=2508"}],"curies":[{"name":"wp","href":"https:\/\/api.w.org\/{rel}","templated":true}]}}