{"id":2502,"date":"2008-05-16T21:30:50","date_gmt":"2008-05-16T19:30:50","guid":{"rendered":"http:\/\/www.diabsite.de\/diabetes-weblog\/2008\/05\/16\/arzte-erhalten-fur-behandlung-von-privatpatienten-doppelt-so-hohe-vergutung-wie-bei-gesetzlich-versicherten\/"},"modified":"2008-05-17T19:33:18","modified_gmt":"2008-05-17T17:33:18","slug":"arzte-erhalten-fur-behandlung-von-privatpatienten-doppelt-so-hohe-vergutung-wie-bei-gesetzlich-versicherten","status":"publish","type":"post","link":"https:\/\/www.diabsite.de\/diabetes-weblog\/2008\/05\/16\/arzte-erhalten-fur-behandlung-von-privatpatienten-doppelt-so-hohe-vergutung-wie-bei-gesetzlich-versicherten\/","title":{"rendered":"\u00c4rzte erhalten f\u00fcr Behandlung von Privatpatienten doppelt so hohe Verg\u00fctung wie bei gesetzlich Versicherten"},"content":{"rendered":"<p>\u00c4rztinnen und \u00c4rzte erhalten f\u00fcr ihre Leistungen an Privatversicherten im Schnitt mehr als doppelt so viel wie bei Mitgliedern einer gesetzlichen Krankenkasse. Zu diesem Ergebnis kommen die Gesundheits\u00f6konomen Prof.&nbsp;Dr.&nbsp;J\u00fcrgen Wasem, Prof.&nbsp;Dr.&nbsp;Stefan Gre\u00df und Anke Walendzik in einer von der Hans-B\u00f6ckler-Stiftung gef\u00f6rderten Studie. <a href=\"https:\/\/www.diabsite.de\/aktuelles\/nachrichten\/2008\/080516c.html\" title=\"zur Nachricht\" target=\"_blank\">Nachricht lesen<\/a><\/p>\n","protected":false},"excerpt":{"rendered":"<p>\u00c4rztinnen und \u00c4rzte erhalten f\u00fcr ihre Leistungen an Privatversicherten im Schnitt mehr als doppelt so viel wie bei Mitgliedern einer gesetzlichen Krankenkasse. Zu diesem Ergebnis kommen die Gesundheits\u00f6konomen Prof.&nbsp;Dr.&nbsp;J\u00fcrgen Wasem, Prof.&nbsp;Dr.&nbsp;Stefan Gre\u00df und Anke Walendzik in einer von der Hans-B\u00f6ckler-Stiftung gef\u00f6rderten Studie. Nachricht lesen<\/p>\n","protected":false},"author":4,"featured_media":0,"comment_status":"closed","ping_status":"open","sticky":false,"template":"","format":"standard","meta":{"footnotes":""},"categories":[2],"tags":[],"_links":{"self":[{"href":"https:\/\/www.diabsite.de\/diabetes-weblog\/wp-json\/wp\/v2\/posts\/2502"}],"collection":[{"href":"https:\/\/www.diabsite.de\/diabetes-weblog\/wp-json\/wp\/v2\/posts"}],"about":[{"href":"https:\/\/www.diabsite.de\/diabetes-weblog\/wp-json\/wp\/v2\/types\/post"}],"author":[{"embeddable":true,"href":"https:\/\/www.diabsite.de\/diabetes-weblog\/wp-json\/wp\/v2\/users\/4"}],"replies":[{"embeddable":true,"href":"https:\/\/www.diabsite.de\/diabetes-weblog\/wp-json\/wp\/v2\/comments?post=2502"}],"version-history":[{"count":0,"href":"https:\/\/www.diabsite.de\/diabetes-weblog\/wp-json\/wp\/v2\/posts\/2502\/revisions"}],"wp:attachment":[{"href":"https:\/\/www.diabsite.de\/diabetes-weblog\/wp-json\/wp\/v2\/media?parent=2502"}],"wp:term":[{"taxonomy":"category","embeddable":true,"href":"https:\/\/www.diabsite.de\/diabetes-weblog\/wp-json\/wp\/v2\/categories?post=2502"},{"taxonomy":"post_tag","embeddable":true,"href":"https:\/\/www.diabsite.de\/diabetes-weblog\/wp-json\/wp\/v2\/tags?post=2502"}],"curies":[{"name":"wp","href":"https:\/\/api.w.org\/{rel}","templated":true}]}}