{"id":2496,"date":"2008-05-15T17:57:09","date_gmt":"2008-05-15T15:57:09","guid":{"rendered":"http:\/\/www.diabsite.de\/diabetes-weblog\/2008\/05\/15\/abnehmen-muss-spas-machen\/"},"modified":"2008-05-20T23:12:24","modified_gmt":"2008-05-20T21:12:24","slug":"abnehmen-muss-spas-machen","status":"publish","type":"post","link":"https:\/\/www.diabsite.de\/diabetes-weblog\/2008\/05\/15\/abnehmen-muss-spas-machen\/","title":{"rendered":"Abnehmen muss Spa\u00df machen"},"content":{"rendered":"<p><a href=\"https:\/\/www.diabetes-radio.de\/\" target=\"_blank\"><img loading=\"lazy\" decoding=\"async\" class=\"alignright\" src=\"https:\/\/www.diabsite.de\/diabetes-weblog\/wp-content\/themes\/diabsite\/images\/diabetes-radio.gif\" width=\"100\" height=\"100\" alt=\"DiabSite Diabetes-Radio\" title=\"DiabSite Diabetes-Radio\" \/><\/a> Dann n\u00e4mlich, so wei\u00df unser heutiger Interviewpartner zu berichten, klappt das auch mit der Lebensstil\u00e4nderung und dem Abnehmen. Dr.&nbsp;Bernhard Kulzer ist Diplom-Psychologe, Fachpsychologe Diabetes&nbsp;(DDG) und Leitender Psychologe am Diabetes-Zentrum Mergentheim <a href=\"https:\/\/www.diabetes-radio.de\/2008\/05\/15\/\" target=\"_blank\"><img loading=\"lazy\" decoding=\"async\" class=\"alignleft\" src=\"https:\/\/www.diabsite.de\/diabetes-weblog\/wp-content\/themes\/diabsite\/images\/080515-kulzer.jpg\" width=\"120\" height=\"143\" alt=\"Dr. phil. Dipl. Psych. Bernhard Kulzer\" title=\"Dr. phil. Dipl. Psych. Bernhard Kulzer\" \/><\/a> und wei\u00df aus seiner jahrelangen Arbeit mit Diabetikern ganz genau, wo die Stolpersteine liegen auf dem Weg zu weniger Gewicht und mehr Bewegung. Wobei die kurzfristige Gewichtsreduktion offenbar weit weniger problematisch ist, als das neue Gewicht anschlie\u00dfend auch zu halten. Woran das liegt und was Sie tun k\u00f6nnen, damit Sie mit Spa\u00df bei der Stange bleiben&nbsp;&#8211; das erl\u00e4utert Dr.&nbsp;Kulzer ausf\u00fchrlich im Interview, das DiabSite-Redakteurin Helga Uphoff am Rande der 43.&nbsp;Jahrestagung der Deutschen Diabetes-Gesellschaft in M\u00fcnchen mit ihm f\u00fchren konnte. <a target=\"_blank\" href=\"https:\/\/www.diabetes-radio.de\/2008\/05\/15\/\">Podcast-Episode anh\u00f6ren<\/a>.<\/p>\n<p>Das k\u00f6nnte Sie auch interessieren:<\/p>\n<p>*   <a href=\"http:\/\/www.diabetes-praevention.de\/\" target=\"_blank\" title=\"zur Website\">PRAEDIAS<\/a>, Projekt zur Diabetes-Pr\u00e4vention<br \/>\n*   <a href=\"http:\/\/www.diabetes-zentrum.de\/\" target=\"_blank\" title=\"zur Website\">Diabetes-Zentrum Mergentheim<\/a><\/p>\n","protected":false},"excerpt":{"rendered":"<p>Dann n\u00e4mlich, so wei\u00df unser heutiger Interviewpartner zu berichten, klappt das auch mit der Lebensstil\u00e4nderung und dem Abnehmen. Dr.&nbsp;Bernhard Kulzer ist Diplom-Psychologe, Fachpsychologe Diabetes&nbsp;(DDG) und Leitender Psychologe am Diabetes-Zentrum Mergentheim und wei\u00df aus seiner jahrelangen Arbeit mit Diabetikern ganz genau, wo die Stolpersteine liegen auf dem Weg zu weniger Gewicht und mehr Bewegung. Wobei die [&hellip;]<\/p>\n","protected":false},"author":4,"featured_media":0,"comment_status":"closed","ping_status":"open","sticky":false,"template":"","format":"standard","meta":{"footnotes":""},"categories":[4],"tags":[],"_links":{"self":[{"href":"https:\/\/www.diabsite.de\/diabetes-weblog\/wp-json\/wp\/v2\/posts\/2496"}],"collection":[{"href":"https:\/\/www.diabsite.de\/diabetes-weblog\/wp-json\/wp\/v2\/posts"}],"about":[{"href":"https:\/\/www.diabsite.de\/diabetes-weblog\/wp-json\/wp\/v2\/types\/post"}],"author":[{"embeddable":true,"href":"https:\/\/www.diabsite.de\/diabetes-weblog\/wp-json\/wp\/v2\/users\/4"}],"replies":[{"embeddable":true,"href":"https:\/\/www.diabsite.de\/diabetes-weblog\/wp-json\/wp\/v2\/comments?post=2496"}],"version-history":[{"count":0,"href":"https:\/\/www.diabsite.de\/diabetes-weblog\/wp-json\/wp\/v2\/posts\/2496\/revisions"}],"wp:attachment":[{"href":"https:\/\/www.diabsite.de\/diabetes-weblog\/wp-json\/wp\/v2\/media?parent=2496"}],"wp:term":[{"taxonomy":"category","embeddable":true,"href":"https:\/\/www.diabsite.de\/diabetes-weblog\/wp-json\/wp\/v2\/categories?post=2496"},{"taxonomy":"post_tag","embeddable":true,"href":"https:\/\/www.diabsite.de\/diabetes-weblog\/wp-json\/wp\/v2\/tags?post=2496"}],"curies":[{"name":"wp","href":"https:\/\/api.w.org\/{rel}","templated":true}]}}