{"id":2495,"date":"2008-05-14T20:27:22","date_gmt":"2008-05-14T18:27:22","guid":{"rendered":"http:\/\/www.diabsite.de\/diabetes-weblog\/2008\/05\/14\/wo-treffen-sich-diabetiker-und-diabetes-profis-4\/"},"modified":"2008-05-14T20:27:22","modified_gmt":"2008-05-14T18:27:22","slug":"wo-treffen-sich-diabetiker-und-diabetes-profis-4","status":"publish","type":"post","link":"https:\/\/www.diabsite.de\/diabetes-weblog\/2008\/05\/14\/wo-treffen-sich-diabetiker-und-diabetes-profis-4\/","title":{"rendered":"Wo treffen sich Diabetiker und Diabetes-Profis?"},"content":{"rendered":"<p>Nat\u00fcrlich zuerst einmal auf dem unabh\u00e4ngigen Diabetes-Portal DiabSite. Denn das bietet im gro\u00dfen Diabetes-Kalender unz\u00e4hlige Hinweise zu Diabetikertagen, Treffen von Selbsthilfegruppen, Kongressen und Symposien. Sp\u00e4ter treffen sich Diabetiker und Diabetes-Experten dann auf einer der interessanten Veranstaltungen, zum Beispiel:<br \/>\n21.05.2008 &#8211; <strong>Oberhausen<\/strong>&nbsp;&#8211; Diabetes-Gespr\u00e4che am Nachmittag.<br \/>\n19.06.2008 &#8211; <strong>Wiener Neustadt, \u00d6sterreich<\/strong>&nbsp;&#8211; Entspannung f\u00fcr Diabetiker\/innen.<br \/>\n21.07.2008 &#8211; <strong>Bad Saulgau<\/strong>&nbsp;&#8211; Diabetes und Psyche in ihrer wechselseitigen Beziehung.<br \/>\nDiese und mehr als 1.100 weitere <a href=\"https:\/\/www.diabsite.de\/aktuelles\/termine\/index.html\" target=\"_blank\" title=\"zur \u00dcberblicksseite Termine\">Termine<\/a> im Diabetes-Kalender der DiabSite zeigen, wo sich Diabetes-Interessierte gewiss auch in Ihrer N\u00e4he treffen. Mit DiabSite bleiben Sie stets auf dem Laufenden!<\/p>\n","protected":false},"excerpt":{"rendered":"<p>Nat\u00fcrlich zuerst einmal auf dem unabh\u00e4ngigen Diabetes-Portal DiabSite. Denn das bietet im gro\u00dfen Diabetes-Kalender unz\u00e4hlige Hinweise zu Diabetikertagen, Treffen von Selbsthilfegruppen, Kongressen und Symposien. Sp\u00e4ter treffen sich Diabetiker und Diabetes-Experten dann auf einer der interessanten Veranstaltungen, zum Beispiel: 21.05.2008 &#8211; Oberhausen&nbsp;&#8211; Diabetes-Gespr\u00e4che am Nachmittag. 19.06.2008 &#8211; Wiener Neustadt, \u00d6sterreich&nbsp;&#8211; Entspannung f\u00fcr Diabetiker\/innen. 21.07.2008 &#8211; Bad [&hellip;]<\/p>\n","protected":false},"author":4,"featured_media":0,"comment_status":"closed","ping_status":"open","sticky":false,"template":"","format":"standard","meta":{"footnotes":""},"categories":[1],"tags":[],"_links":{"self":[{"href":"https:\/\/www.diabsite.de\/diabetes-weblog\/wp-json\/wp\/v2\/posts\/2495"}],"collection":[{"href":"https:\/\/www.diabsite.de\/diabetes-weblog\/wp-json\/wp\/v2\/posts"}],"about":[{"href":"https:\/\/www.diabsite.de\/diabetes-weblog\/wp-json\/wp\/v2\/types\/post"}],"author":[{"embeddable":true,"href":"https:\/\/www.diabsite.de\/diabetes-weblog\/wp-json\/wp\/v2\/users\/4"}],"replies":[{"embeddable":true,"href":"https:\/\/www.diabsite.de\/diabetes-weblog\/wp-json\/wp\/v2\/comments?post=2495"}],"version-history":[{"count":0,"href":"https:\/\/www.diabsite.de\/diabetes-weblog\/wp-json\/wp\/v2\/posts\/2495\/revisions"}],"wp:attachment":[{"href":"https:\/\/www.diabsite.de\/diabetes-weblog\/wp-json\/wp\/v2\/media?parent=2495"}],"wp:term":[{"taxonomy":"category","embeddable":true,"href":"https:\/\/www.diabsite.de\/diabetes-weblog\/wp-json\/wp\/v2\/categories?post=2495"},{"taxonomy":"post_tag","embeddable":true,"href":"https:\/\/www.diabsite.de\/diabetes-weblog\/wp-json\/wp\/v2\/tags?post=2495"}],"curies":[{"name":"wp","href":"https:\/\/api.w.org\/{rel}","templated":true}]}}