{"id":2470,"date":"2008-05-03T16:08:44","date_gmt":"2008-05-03T14:08:44","guid":{"rendered":"http:\/\/www.diabsite.de\/diabetes-weblog\/2008\/05\/03\/diabetes-pravention-kann-gar-nicht-fruh-genug-beginnen-am-besten-schon-im-mutterleib\/"},"modified":"2008-05-03T16:08:44","modified_gmt":"2008-05-03T14:08:44","slug":"diabetes-pravention-kann-gar-nicht-fruh-genug-beginnen-am-besten-schon-im-mutterleib","status":"publish","type":"post","link":"https:\/\/www.diabsite.de\/diabetes-weblog\/2008\/05\/03\/diabetes-pravention-kann-gar-nicht-fruh-genug-beginnen-am-besten-schon-im-mutterleib\/","title":{"rendered":"Diabetes-Pr\u00e4vention kann gar nicht fr\u00fch genug beginnen &#8211; am besten schon im Mutterleib"},"content":{"rendered":"<p><a href=\"https:\/\/www.diabetes-radio.de\/\" target=\"_blank\"><img loading=\"lazy\" decoding=\"async\" class=\"alignright\" src=\"https:\/\/www.diabsite.de\/diabetes-weblog\/wp-content\/themes\/diabsite\/images\/diabetes-radio.gif\" width=\"100\" height=\"100\" alt=\"DiabSite Diabetes-Radio\" title=\"DiabSite Diabetes-Radio\" \/><\/a>  Das unterstreicht unser heutiger Gespr\u00e4chspartner auf dem DDG-Kongress in M\u00fcnchen, Professor Dr.&nbsp;Hans Hauner, Tagungspr\u00e4sident der diesj\u00e4hrigen Veranstaltung und Direktor des Else Kr\u00f6ner-Fresenius-Zentrums f\u00fcr Ern\u00e4hrungsmedizin der TU&nbsp;M\u00fcnchen. <a target=\"_blank\" href=\"https:\/\/www.diabetes-radio.de\/2008\/05\/03\/diabetes-pravention-kann-gar-nicht-fruh-genug-beginnen-am-besten-schon-im-mutterleib\/\"><img loading=\"lazy\" decoding=\"async\" class=\"alignleft\" src=\"https:\/\/www.diabsite.de\/diabetes-weblog\/wp-content\/themes\/diabsite\/images\/080429c.jpg\" width=\"120\" height=\"179\" alt=\"Prof. Dr. Hans Hauner\" title=\"Prof. Dr. Hans Hauner\"  \/><\/a> Er fordert nicht nur eine regelrechte &#8222;Pr\u00e4ventionskultur&#8220; in Deutschland, die weit \u00fcber beispielsweise ein Schulfach &#8222;Ern\u00e4hrung&#8220; hinausgeht, sondern vor allem auch mehr Bewusstsein f\u00fcr eine gesunde Ern\u00e4hrung in der Schwangerschaft. Dies vor dem Hintergrund, dass neuere Studien eindeutig belegen, dass sich die Ern\u00e4hrung der werdenden Mutter nicht nur auf die m\u00f6gliche Entwicklung eines Schwangerschaftsdiabetes&#8216; auswirkt, sondern auch dar\u00fcber bestimmen kann, ob das Kind sp\u00e4ter einmal \u00dcbergewicht oder Diabetes Typ&nbsp;2 bekommt. <a target=\"_blank\" href=\"https:\/\/www.diabetes-radio.de\/2008\/05\/03\/diabetes-pravention-kann-gar-nicht-fruh-genug-beginnen-am-besten-schon-im-mutterleib\/\">Podcast-Episode anh\u00f6ren<\/a>.<\/p>\n<p>Das k\u00f6nnte Sie auch interessieren:<\/p>\n<p>*   <a target=\"_blank\" href=\"https:\/\/www.diabsite.de\/aktuelles\/nachrichten\/2008\/080502c.html\" title=\"zur Nachricht\">Ern\u00e4hrung, Adipositas und Typ 2 Diabetes mellitus<\/a>, Vortrag Professor Hauner auf dem DDG-Kongress in M\u00fcnchen<br \/>\n*   <a target=\"_blank\" href=\"https:\/\/www.diabsite.de\/aktuelles\/nachrichten\/2008\/080430.html\" title=\"zur Nachricht\">DDG fordert Pr\u00e4ventionskultur: Diabetes Typ&nbsp;2 ist h\u00e4ufig vermeidbar<\/a><\/p>\n","protected":false},"excerpt":{"rendered":"<p>Das unterstreicht unser heutiger Gespr\u00e4chspartner auf dem DDG-Kongress in M\u00fcnchen, Professor Dr.&nbsp;Hans Hauner, Tagungspr\u00e4sident der diesj\u00e4hrigen Veranstaltung und Direktor des Else Kr\u00f6ner-Fresenius-Zentrums f\u00fcr Ern\u00e4hrungsmedizin der TU&nbsp;M\u00fcnchen. Er fordert nicht nur eine regelrechte &#8222;Pr\u00e4ventionskultur&#8220; in Deutschland, die weit \u00fcber beispielsweise ein Schulfach &#8222;Ern\u00e4hrung&#8220; hinausgeht, sondern vor allem auch mehr Bewusstsein f\u00fcr eine gesunde Ern\u00e4hrung in der [&hellip;]<\/p>\n","protected":false},"author":2,"featured_media":0,"comment_status":"closed","ping_status":"open","sticky":false,"template":"","format":"standard","meta":{"footnotes":""},"categories":[4],"tags":[],"_links":{"self":[{"href":"https:\/\/www.diabsite.de\/diabetes-weblog\/wp-json\/wp\/v2\/posts\/2470"}],"collection":[{"href":"https:\/\/www.diabsite.de\/diabetes-weblog\/wp-json\/wp\/v2\/posts"}],"about":[{"href":"https:\/\/www.diabsite.de\/diabetes-weblog\/wp-json\/wp\/v2\/types\/post"}],"author":[{"embeddable":true,"href":"https:\/\/www.diabsite.de\/diabetes-weblog\/wp-json\/wp\/v2\/users\/2"}],"replies":[{"embeddable":true,"href":"https:\/\/www.diabsite.de\/diabetes-weblog\/wp-json\/wp\/v2\/comments?post=2470"}],"version-history":[{"count":0,"href":"https:\/\/www.diabsite.de\/diabetes-weblog\/wp-json\/wp\/v2\/posts\/2470\/revisions"}],"wp:attachment":[{"href":"https:\/\/www.diabsite.de\/diabetes-weblog\/wp-json\/wp\/v2\/media?parent=2470"}],"wp:term":[{"taxonomy":"category","embeddable":true,"href":"https:\/\/www.diabsite.de\/diabetes-weblog\/wp-json\/wp\/v2\/categories?post=2470"},{"taxonomy":"post_tag","embeddable":true,"href":"https:\/\/www.diabsite.de\/diabetes-weblog\/wp-json\/wp\/v2\/tags?post=2470"}],"curies":[{"name":"wp","href":"https:\/\/api.w.org\/{rel}","templated":true}]}}