{"id":2469,"date":"2008-05-02T22:06:33","date_gmt":"2008-05-02T20:06:33","guid":{"rendered":"http:\/\/www.diabsite.de\/diabetes-weblog\/2008\/05\/02\/diabetes-de-die-neue-gesamtorganisation-fur-diabetes-in-deutschland\/"},"modified":"2008-05-03T12:16:41","modified_gmt":"2008-05-03T10:16:41","slug":"diabetes-de-die-neue-gesamtorganisation-fur-diabetes-in-deutschland","status":"publish","type":"post","link":"https:\/\/www.diabsite.de\/diabetes-weblog\/2008\/05\/02\/diabetes-de-die-neue-gesamtorganisation-fur-diabetes-in-deutschland\/","title":{"rendered":"diabetes DE &#8211; die neue Gesamtorganisation f\u00fcr Diabetes in Deutschland"},"content":{"rendered":"<p><a href=\"https:\/\/www.diabsite.de\/aktuelles\/nachrichten\/2008\/080502d.html\" title=\"zur Nachricht\" target=\"_blank\"><img loading=\"lazy\" decoding=\"async\" class=\"alignright\" src=\"https:\/\/www.diabsite.de\/diabetes-weblog\/wp-content\/themes\/diabsite\/images\/071518g.jpg\" width=\"120\" height=\"146\" alt=\"Prof. Dr. Thomas Haak\" title=\"Prof. Dr. Thomas Haak\" \/><\/a>  **Vortrag von Professor Dr. med. Thomas Haak, Pr\u00e4sident der Deutschen Diabetes-Gesellschaft&nbsp;(DDG) und Chefarzt Diabetes Zentrum Bad Mergentheim, im Rahmen der Pressekonferenz anl\u00e4sslich der 43.&nbsp;Jahrestagung der Deutschen Diabetes-Gesellschaft vom 30.&nbsp;April bis 03.&nbsp;Mai&nbsp;2008 in M\u00fcnchen.**<\/p>\n<p>Obwohl der Diabetes mit 7&nbsp;Millionen Betroffenen eine Volkskrankheit ist, ist die strukturelle Vertretung des Faches Diabetologie in Deutschland nicht optimal. Dies haben die Deutsche Diabetes-Gesellschaft, der Verband der Diabetesberatungs- und Schulungsberufe, die Deutsche Diabetes-Stiftung und die Deutsche Diabetes Union erkannt. Zwar verf\u00fcgen wir mit der Deutschen Diabetes Union \u00fcber einen Dachverband mit vier Mitgliedsverb\u00e4nden, jedoch fehlt die interne und externe Koordination und Kommunikation. <a href=\"https:\/\/www.diabsite.de\/aktuelles\/nachrichten\/2008\/080502d.html\" title=\"zur Nachricht\" target=\"_blank\">Nachricht lesen<\/a>            <\/p>\n","protected":false},"excerpt":{"rendered":"<p>**Vortrag von Professor Dr. med. Thomas Haak, Pr\u00e4sident der Deutschen Diabetes-Gesellschaft&nbsp;(DDG) und Chefarzt Diabetes Zentrum Bad Mergentheim, im Rahmen der Pressekonferenz anl\u00e4sslich der 43.&nbsp;Jahrestagung der Deutschen Diabetes-Gesellschaft vom 30.&nbsp;April bis 03.&nbsp;Mai&nbsp;2008 in M\u00fcnchen.** Obwohl der Diabetes mit 7&nbsp;Millionen Betroffenen eine Volkskrankheit ist, ist die strukturelle Vertretung des Faches Diabetologie in Deutschland nicht optimal. Dies haben [&hellip;]<\/p>\n","protected":false},"author":2,"featured_media":0,"comment_status":"closed","ping_status":"open","sticky":false,"template":"","format":"standard","meta":{"footnotes":""},"categories":[2],"tags":[],"_links":{"self":[{"href":"https:\/\/www.diabsite.de\/diabetes-weblog\/wp-json\/wp\/v2\/posts\/2469"}],"collection":[{"href":"https:\/\/www.diabsite.de\/diabetes-weblog\/wp-json\/wp\/v2\/posts"}],"about":[{"href":"https:\/\/www.diabsite.de\/diabetes-weblog\/wp-json\/wp\/v2\/types\/post"}],"author":[{"embeddable":true,"href":"https:\/\/www.diabsite.de\/diabetes-weblog\/wp-json\/wp\/v2\/users\/2"}],"replies":[{"embeddable":true,"href":"https:\/\/www.diabsite.de\/diabetes-weblog\/wp-json\/wp\/v2\/comments?post=2469"}],"version-history":[{"count":0,"href":"https:\/\/www.diabsite.de\/diabetes-weblog\/wp-json\/wp\/v2\/posts\/2469\/revisions"}],"wp:attachment":[{"href":"https:\/\/www.diabsite.de\/diabetes-weblog\/wp-json\/wp\/v2\/media?parent=2469"}],"wp:term":[{"taxonomy":"category","embeddable":true,"href":"https:\/\/www.diabsite.de\/diabetes-weblog\/wp-json\/wp\/v2\/categories?post=2469"},{"taxonomy":"post_tag","embeddable":true,"href":"https:\/\/www.diabsite.de\/diabetes-weblog\/wp-json\/wp\/v2\/tags?post=2469"}],"curies":[{"name":"wp","href":"https:\/\/api.w.org\/{rel}","templated":true}]}}