{"id":2468,"date":"2008-05-02T21:56:21","date_gmt":"2008-05-02T19:56:21","guid":{"rendered":"http:\/\/www.diabsite.de\/diabetes-weblog\/2008\/05\/02\/ernahrung-adipositas-und-typ-2-diabetes-mellitus\/"},"modified":"2008-05-03T12:18:09","modified_gmt":"2008-05-03T10:18:09","slug":"ernahrung-adipositas-und-typ-2-diabetes-mellitus","status":"publish","type":"post","link":"https:\/\/www.diabsite.de\/diabetes-weblog\/2008\/05\/02\/ernahrung-adipositas-und-typ-2-diabetes-mellitus\/","title":{"rendered":"Ern\u00e4hrung, Adipositas und Typ 2 Diabetes mellitus"},"content":{"rendered":"<p><a href=\"https:\/\/www.diabsite.de\/aktuelles\/nachrichten\/2008\/080502c.html\" title=\"zur Nachricht\" target=\"_blank\"><img loading=\"lazy\" decoding=\"async\" class=\"alignright\" src=\"https:\/\/www.diabsite.de\/diabetes-weblog\/wp-content\/themes\/diabsite\/images\/080429c.jpg\" width=\"120\" height=\"179\" alt=\"Prof. Dr. Hans Hauner\" title=\"Prof. Dr. Hans Hauner\" \/><\/a>  **Vortrag von Professor Dr. med. Hans Hauner, Tagungspr\u00e4sident 43.&nbsp;Jahrestagung der Deutschen Diabetes-Gesellschaft&nbsp;(DDG) und Direktor des Else Kr\u00f6ner-Fresenius-Zentrums f\u00fcr Ern\u00e4hrungsmedizin der TU&nbsp;M\u00fcnchen, im Rahmen der Pressekonferenz anl\u00e4sslich der 43.&nbsp;Jahrestagung der Deutschen Diabetes-Gesellschaft vom 30.&nbsp;April bis 03.&nbsp;Mai&nbsp;2008 in M\u00fcnchen.**<\/p>\n<p>Die fortschreitende Epidemie des Typ-2-Diabetes mellitus ist zweifellos eine Folge des modernen Lebensstils mit \u00fcberkalorischer Ern\u00e4hrung, Bewegungsmangel und Adipositas, auf dem Boden einer genetischen Pr\u00e4disposition. Auch wenn die Pathophysiologie der Erkrankung, insbesondere die Mechanismen der Insulinresistenz und der St\u00f6rung der Insulinsekretion, noch nicht vollst\u00e4ndig verstanden sind, so kennen wir heute die wichtigsten Risikofaktoren f\u00fcr diese Erkrankung sehr gut und k\u00f6nnen das individuelle Risiko relativ zuverl\u00e4ssig vorhersagen. <a href=\"https:\/\/www.diabsite.de\/aktuelles\/nachrichten\/2008\/080502c.html\" title=\"zur Nachricht\" target=\"_blank\">Nachricht lesen<\/a>            <\/p>\n","protected":false},"excerpt":{"rendered":"<p>**Vortrag von Professor Dr. med. Hans Hauner, Tagungspr\u00e4sident 43.&nbsp;Jahrestagung der Deutschen Diabetes-Gesellschaft&nbsp;(DDG) und Direktor des Else Kr\u00f6ner-Fresenius-Zentrums f\u00fcr Ern\u00e4hrungsmedizin der TU&nbsp;M\u00fcnchen, im Rahmen der Pressekonferenz anl\u00e4sslich der 43.&nbsp;Jahrestagung der Deutschen Diabetes-Gesellschaft vom 30.&nbsp;April bis 03.&nbsp;Mai&nbsp;2008 in M\u00fcnchen.** Die fortschreitende Epidemie des Typ-2-Diabetes mellitus ist zweifellos eine Folge des modernen Lebensstils mit \u00fcberkalorischer Ern\u00e4hrung, Bewegungsmangel und [&hellip;]<\/p>\n","protected":false},"author":2,"featured_media":0,"comment_status":"closed","ping_status":"open","sticky":false,"template":"","format":"standard","meta":{"footnotes":""},"categories":[2],"tags":[],"_links":{"self":[{"href":"https:\/\/www.diabsite.de\/diabetes-weblog\/wp-json\/wp\/v2\/posts\/2468"}],"collection":[{"href":"https:\/\/www.diabsite.de\/diabetes-weblog\/wp-json\/wp\/v2\/posts"}],"about":[{"href":"https:\/\/www.diabsite.de\/diabetes-weblog\/wp-json\/wp\/v2\/types\/post"}],"author":[{"embeddable":true,"href":"https:\/\/www.diabsite.de\/diabetes-weblog\/wp-json\/wp\/v2\/users\/2"}],"replies":[{"embeddable":true,"href":"https:\/\/www.diabsite.de\/diabetes-weblog\/wp-json\/wp\/v2\/comments?post=2468"}],"version-history":[{"count":0,"href":"https:\/\/www.diabsite.de\/diabetes-weblog\/wp-json\/wp\/v2\/posts\/2468\/revisions"}],"wp:attachment":[{"href":"https:\/\/www.diabsite.de\/diabetes-weblog\/wp-json\/wp\/v2\/media?parent=2468"}],"wp:term":[{"taxonomy":"category","embeddable":true,"href":"https:\/\/www.diabsite.de\/diabetes-weblog\/wp-json\/wp\/v2\/categories?post=2468"},{"taxonomy":"post_tag","embeddable":true,"href":"https:\/\/www.diabsite.de\/diabetes-weblog\/wp-json\/wp\/v2\/tags?post=2468"}],"curies":[{"name":"wp","href":"https:\/\/api.w.org\/{rel}","templated":true}]}}