{"id":2453,"date":"2008-04-23T14:12:51","date_gmt":"2008-04-23T12:12:51","guid":{"rendered":"http:\/\/www.diabsite.de\/diabetes-weblog\/2008\/04\/23\/gemeinsam-gegen-fettleibigkeit\/"},"modified":"2008-04-29T18:13:43","modified_gmt":"2008-04-29T16:13:43","slug":"gemeinsam-gegen-fettleibigkeit","status":"publish","type":"post","link":"https:\/\/www.diabsite.de\/diabetes-weblog\/2008\/04\/23\/gemeinsam-gegen-fettleibigkeit\/","title":{"rendered":"Gemeinsam gegen Fettleibigkeit"},"content":{"rendered":"<p>Bundesweites Kompetenznetz Adipositas nimmt Arbeit auf: Im Herbst 2007 hatte das Bundesministerium f\u00fcr Bildung und Forschung&nbsp;(BMBF) ein F\u00f6rderprogramm zur Einrichtung von medizinischen Kompetenznetzen zu den Krankheitsbildern Adipositas und Diabetes ausgeschrieben. Nach Abschluss des Auswahlverfahrens hat sich das Kompetenznetz Adipositas inzwischen konstituiert. Bei der Auftaktveranstaltung wurde Herr Prof.&nbsp;Dr.&nbsp;Hans Hauner, Direktor des Else-Kr\u00f6ner-Fresenius-Zentrums f\u00fcr Ern\u00e4hrungsmedizin am Klinikum rechts der Isar zum Sprecher des Kompetenznetzes gew\u00e4hlt, das sich vor allem mit der Pr\u00e4vention von \u00dcbergewicht und Adipositas im Kindes- und Jugendalter besch\u00e4ftigen wird. <a href=\"https:\/\/www.diabsite.de\/aktuelles\/nachrichten\/2008\/080423.html\" title=\"zur Nachricht\" target=\"_blank\">Nachricht lesen<\/a><\/p>\n","protected":false},"excerpt":{"rendered":"<p>Bundesweites Kompetenznetz Adipositas nimmt Arbeit auf: Im Herbst 2007 hatte das Bundesministerium f\u00fcr Bildung und Forschung&nbsp;(BMBF) ein F\u00f6rderprogramm zur Einrichtung von medizinischen Kompetenznetzen zu den Krankheitsbildern Adipositas und Diabetes ausgeschrieben. Nach Abschluss des Auswahlverfahrens hat sich das Kompetenznetz Adipositas inzwischen konstituiert. Bei der Auftaktveranstaltung wurde Herr Prof.&nbsp;Dr.&nbsp;Hans Hauner, Direktor des Else-Kr\u00f6ner-Fresenius-Zentrums f\u00fcr Ern\u00e4hrungsmedizin am Klinikum [&hellip;]<\/p>\n","protected":false},"author":4,"featured_media":0,"comment_status":"closed","ping_status":"open","sticky":false,"template":"","format":"standard","meta":{"footnotes":""},"categories":[2],"tags":[],"_links":{"self":[{"href":"https:\/\/www.diabsite.de\/diabetes-weblog\/wp-json\/wp\/v2\/posts\/2453"}],"collection":[{"href":"https:\/\/www.diabsite.de\/diabetes-weblog\/wp-json\/wp\/v2\/posts"}],"about":[{"href":"https:\/\/www.diabsite.de\/diabetes-weblog\/wp-json\/wp\/v2\/types\/post"}],"author":[{"embeddable":true,"href":"https:\/\/www.diabsite.de\/diabetes-weblog\/wp-json\/wp\/v2\/users\/4"}],"replies":[{"embeddable":true,"href":"https:\/\/www.diabsite.de\/diabetes-weblog\/wp-json\/wp\/v2\/comments?post=2453"}],"version-history":[{"count":0,"href":"https:\/\/www.diabsite.de\/diabetes-weblog\/wp-json\/wp\/v2\/posts\/2453\/revisions"}],"wp:attachment":[{"href":"https:\/\/www.diabsite.de\/diabetes-weblog\/wp-json\/wp\/v2\/media?parent=2453"}],"wp:term":[{"taxonomy":"category","embeddable":true,"href":"https:\/\/www.diabsite.de\/diabetes-weblog\/wp-json\/wp\/v2\/categories?post=2453"},{"taxonomy":"post_tag","embeddable":true,"href":"https:\/\/www.diabsite.de\/diabetes-weblog\/wp-json\/wp\/v2\/tags?post=2453"}],"curies":[{"name":"wp","href":"https:\/\/api.w.org\/{rel}","templated":true}]}}