{"id":24519,"date":"2013-04-13T20:28:36","date_gmt":"2013-04-13T18:28:36","guid":{"rendered":"http:\/\/www.diabsite.de\/diabetes-weblog\/?p=24519"},"modified":"2013-04-13T20:28:36","modified_gmt":"2013-04-13T18:28:36","slug":"veranstaltungen-fur-diabetiker-und-diabetes-experten-4","status":"publish","type":"post","link":"https:\/\/www.diabsite.de\/diabetes-weblog\/2013\/04\/13\/veranstaltungen-fur-diabetiker-und-diabetes-experten-4\/","title":{"rendered":"Veranstaltungen f\u00fcr Diabetiker und Diabetes-Experten"},"content":{"rendered":"<p>Der Diabetes-Kalender auf der DiabSite informiert Diabetiker und Diabetes-Experten \u00fcber Treffen von Selbsthilfegruppen, Diabetikertage sowie nationale und internationale Kongresse und Symposien. Regelm\u00e4\u00dfig stellen wir Ihnen hier drei Veranstaltungen vor:<\/p>\n<p>&#8211; 26.04.2013 &#8211; <strong>D\u00fcsseldorf<\/strong> &#8211; Symposium &#8222;Diabetes-Folgeerkrankungen 24 Jahre nach der St.&nbsp;Vincent Deklaration&nbsp;&#8211; Wie ist der Stand in Deutschland?&#8220;<br \/>\n&#8211; 16.05.2013 &#8211; <strong>Bretten<\/strong> &#8211; Diabetes und Organspende &#8211; Alles was Sie zum Thema wissen sollten!<br \/>\n&#8211; 19.06.2013 &#8211; <strong>Gera<\/strong> &#8211; Antworten auf individuelle Fragen rund um den Diabetes<\/p>\n<p>Diese und aktuell mehr als 1.000 weitere Termine in unserem <a href=\"https:\/\/www.diabsite.de\/aktuelles\/termine\/index.html\" target=\"_blank\" class=\"ds\" title=\"neues Fenster\">Diabetes-Kalender<\/a> weisen auf Veranstaltungen hin, bei denen sich Diabetes-Interessierte zum Informations- und Erfahrungsaustausch treffen. Was f\u00fcr Sie dabei?<\/p>\n","protected":false},"excerpt":{"rendered":"<p>Der Diabetes-Kalender auf der DiabSite informiert Diabetiker und Diabetes-Experten \u00fcber Treffen von Selbsthilfegruppen, Diabetikertage sowie nationale und internationale Kongresse und Symposien. Regelm\u00e4\u00dfig stellen wir Ihnen hier drei Veranstaltungen vor: &#8211; 26.04.2013 &#8211; D\u00fcsseldorf &#8211; Symposium &#8222;Diabetes-Folgeerkrankungen 24 Jahre nach der St.&nbsp;Vincent Deklaration&nbsp;&#8211; Wie ist der Stand in Deutschland?&#8220; &#8211; 16.05.2013 &#8211; Bretten &#8211; Diabetes und [&hellip;]<\/p>\n","protected":false},"author":4,"featured_media":0,"comment_status":"open","ping_status":"closed","sticky":false,"template":"","format":"standard","meta":{"footnotes":""},"categories":[1],"tags":[1886,30,134,136,292],"_links":{"self":[{"href":"https:\/\/www.diabsite.de\/diabetes-weblog\/wp-json\/wp\/v2\/posts\/24519"}],"collection":[{"href":"https:\/\/www.diabsite.de\/diabetes-weblog\/wp-json\/wp\/v2\/posts"}],"about":[{"href":"https:\/\/www.diabsite.de\/diabetes-weblog\/wp-json\/wp\/v2\/types\/post"}],"author":[{"embeddable":true,"href":"https:\/\/www.diabsite.de\/diabetes-weblog\/wp-json\/wp\/v2\/users\/4"}],"replies":[{"embeddable":true,"href":"https:\/\/www.diabsite.de\/diabetes-weblog\/wp-json\/wp\/v2\/comments?post=24519"}],"version-history":[{"count":2,"href":"https:\/\/www.diabsite.de\/diabetes-weblog\/wp-json\/wp\/v2\/posts\/24519\/revisions"}],"predecessor-version":[{"id":24521,"href":"https:\/\/www.diabsite.de\/diabetes-weblog\/wp-json\/wp\/v2\/posts\/24519\/revisions\/24521"}],"wp:attachment":[{"href":"https:\/\/www.diabsite.de\/diabetes-weblog\/wp-json\/wp\/v2\/media?parent=24519"}],"wp:term":[{"taxonomy":"category","embeddable":true,"href":"https:\/\/www.diabsite.de\/diabetes-weblog\/wp-json\/wp\/v2\/categories?post=24519"},{"taxonomy":"post_tag","embeddable":true,"href":"https:\/\/www.diabsite.de\/diabetes-weblog\/wp-json\/wp\/v2\/tags?post=24519"}],"curies":[{"name":"wp","href":"https:\/\/api.w.org\/{rel}","templated":true}]}}