{"id":2436,"date":"2008-04-17T12:07:20","date_gmt":"2008-04-17T10:07:20","guid":{"rendered":"http:\/\/www.diabsite.de\/diabetes-weblog\/2008\/04\/17\/neue-studie-zur-pravention-des-diabetes-typ-2\/"},"modified":"2008-04-17T12:07:20","modified_gmt":"2008-04-17T10:07:20","slug":"neue-studie-zur-pravention-des-diabetes-typ-2","status":"publish","type":"post","link":"https:\/\/www.diabsite.de\/diabetes-weblog\/2008\/04\/17\/neue-studie-zur-pravention-des-diabetes-typ-2\/","title":{"rendered":"Neue Studie zur Pr\u00e4vention des Diabetes Typ 2"},"content":{"rendered":"<p>Experten sch\u00e4tzen, dass aufgrund der ver\u00e4nderten Altersstruktur im Jahr 2025 mehr als jeder zehnte Bundesb\u00fcrger an Diabetes Typ&nbsp;2 erkrankt ist. Zurzeit erforschen sie, wie hoch diese Zahl tats\u00e4chlich sein wird und welche vorbeugenden Schritte verhindern k\u00f6nnten, dass immer mehr Menschen zuckerkrank werden. Erkrankungszahlen, Dunkelziffern und sinnvolle pr\u00e4ventive Ma\u00dfnahmen sind Themen der diesj\u00e4hrigen Jahrestagung der Deutschen Diabetes-Gesellschaft&nbsp;(DDG) in M\u00fcnchen. <a href=\"https:\/\/www.diabsite.de\/aktuelles\/nachrichten\/2008\/080417.html\" title=\"zur Nachricht\" target=\"_blank\">Nachricht lesen<\/a><\/p>\n","protected":false},"excerpt":{"rendered":"<p>Experten sch\u00e4tzen, dass aufgrund der ver\u00e4nderten Altersstruktur im Jahr 2025 mehr als jeder zehnte Bundesb\u00fcrger an Diabetes Typ&nbsp;2 erkrankt ist. Zurzeit erforschen sie, wie hoch diese Zahl tats\u00e4chlich sein wird und welche vorbeugenden Schritte verhindern k\u00f6nnten, dass immer mehr Menschen zuckerkrank werden. Erkrankungszahlen, Dunkelziffern und sinnvolle pr\u00e4ventive Ma\u00dfnahmen sind Themen der diesj\u00e4hrigen Jahrestagung der Deutschen [&hellip;]<\/p>\n","protected":false},"author":4,"featured_media":0,"comment_status":"closed","ping_status":"open","sticky":false,"template":"","format":"standard","meta":{"footnotes":""},"categories":[2],"tags":[],"_links":{"self":[{"href":"https:\/\/www.diabsite.de\/diabetes-weblog\/wp-json\/wp\/v2\/posts\/2436"}],"collection":[{"href":"https:\/\/www.diabsite.de\/diabetes-weblog\/wp-json\/wp\/v2\/posts"}],"about":[{"href":"https:\/\/www.diabsite.de\/diabetes-weblog\/wp-json\/wp\/v2\/types\/post"}],"author":[{"embeddable":true,"href":"https:\/\/www.diabsite.de\/diabetes-weblog\/wp-json\/wp\/v2\/users\/4"}],"replies":[{"embeddable":true,"href":"https:\/\/www.diabsite.de\/diabetes-weblog\/wp-json\/wp\/v2\/comments?post=2436"}],"version-history":[{"count":0,"href":"https:\/\/www.diabsite.de\/diabetes-weblog\/wp-json\/wp\/v2\/posts\/2436\/revisions"}],"wp:attachment":[{"href":"https:\/\/www.diabsite.de\/diabetes-weblog\/wp-json\/wp\/v2\/media?parent=2436"}],"wp:term":[{"taxonomy":"category","embeddable":true,"href":"https:\/\/www.diabsite.de\/diabetes-weblog\/wp-json\/wp\/v2\/categories?post=2436"},{"taxonomy":"post_tag","embeddable":true,"href":"https:\/\/www.diabsite.de\/diabetes-weblog\/wp-json\/wp\/v2\/tags?post=2436"}],"curies":[{"name":"wp","href":"https:\/\/api.w.org\/{rel}","templated":true}]}}