{"id":2404,"date":"2008-03-31T16:37:26","date_gmt":"2008-03-31T15:37:26","guid":{"rendered":"http:\/\/www.diabsite.de\/diabetes-weblog\/2008\/03\/31\/beruhmte-diabetiker\/"},"modified":"2008-03-31T16:37:26","modified_gmt":"2008-03-31T15:37:26","slug":"beruhmte-diabetiker","status":"publish","type":"post","link":"https:\/\/www.diabsite.de\/diabetes-weblog\/2008\/03\/31\/beruhmte-diabetiker\/","title":{"rendered":"Ber\u00fchmte Diabetiker"},"content":{"rendered":"<p>Dass Prominente sich zu ihrem Diabetes bekennen ist nicht selbstverst\u00e4ndlich. Doch es gibt inzwischen einige, die zu ihrer Erkrankung stehen und dabei helfen, die untersch\u00e4tzte Volkskrankheit ins \u00f6ffentliche Bewusstsein zu r\u00fccken und Vorurteile abzubauen. Das berichtet die &#8222;Neue Apotheken Illustrierte&#8220; in ihrer aktuellen Ausgabe vom 1.&nbsp;April 2008 und l\u00e4sst ber\u00fchmte Diabetiker zu Wort kommen. <a href=\"https:\/\/www.diabsite.de\/aktuelles\/nachrichten\/2008\/080331.html\" title=\"zur Nachricht\" target=\"_blank\">Nachricht lesen<\/a><\/p>\n","protected":false},"excerpt":{"rendered":"<p>Dass Prominente sich zu ihrem Diabetes bekennen ist nicht selbstverst\u00e4ndlich. Doch es gibt inzwischen einige, die zu ihrer Erkrankung stehen und dabei helfen, die untersch\u00e4tzte Volkskrankheit ins \u00f6ffentliche Bewusstsein zu r\u00fccken und Vorurteile abzubauen. Das berichtet die &#8222;Neue Apotheken Illustrierte&#8220; in ihrer aktuellen Ausgabe vom 1.&nbsp;April 2008 und l\u00e4sst ber\u00fchmte Diabetiker zu Wort kommen. Nachricht [&hellip;]<\/p>\n","protected":false},"author":4,"featured_media":0,"comment_status":"closed","ping_status":"open","sticky":false,"template":"","format":"standard","meta":{"footnotes":""},"categories":[2],"tags":[],"_links":{"self":[{"href":"https:\/\/www.diabsite.de\/diabetes-weblog\/wp-json\/wp\/v2\/posts\/2404"}],"collection":[{"href":"https:\/\/www.diabsite.de\/diabetes-weblog\/wp-json\/wp\/v2\/posts"}],"about":[{"href":"https:\/\/www.diabsite.de\/diabetes-weblog\/wp-json\/wp\/v2\/types\/post"}],"author":[{"embeddable":true,"href":"https:\/\/www.diabsite.de\/diabetes-weblog\/wp-json\/wp\/v2\/users\/4"}],"replies":[{"embeddable":true,"href":"https:\/\/www.diabsite.de\/diabetes-weblog\/wp-json\/wp\/v2\/comments?post=2404"}],"version-history":[{"count":0,"href":"https:\/\/www.diabsite.de\/diabetes-weblog\/wp-json\/wp\/v2\/posts\/2404\/revisions"}],"wp:attachment":[{"href":"https:\/\/www.diabsite.de\/diabetes-weblog\/wp-json\/wp\/v2\/media?parent=2404"}],"wp:term":[{"taxonomy":"category","embeddable":true,"href":"https:\/\/www.diabsite.de\/diabetes-weblog\/wp-json\/wp\/v2\/categories?post=2404"},{"taxonomy":"post_tag","embeddable":true,"href":"https:\/\/www.diabsite.de\/diabetes-weblog\/wp-json\/wp\/v2\/tags?post=2404"}],"curies":[{"name":"wp","href":"https:\/\/api.w.org\/{rel}","templated":true}]}}